{"id":93839,"date":"2025-10-06T11:11:07","date_gmt":"2025-10-06T17:11:07","guid":{"rendered":"https:\/\/elinformante.mx\/?p=93839"},"modified":"2025-10-06T11:11:11","modified_gmt":"2025-10-06T17:11:11","slug":"hallan-cuerpo-maniatado-con-mensaje-de-amenaza-en-tultitlan","status":"publish","type":"post","link":"https:\/\/elinformante.mx\/?p=93839","title":{"rendered":"HALLAN CUERPO MANIATADO CON MENSAJE DE AMENAZA EN TULTITL\u00c1N"},"content":{"rendered":"\n<p>El pasado s\u00e1bado fue encontrado el cuerpo de un hombre maniatado y con se\u00f1ales de violencia, acompa\u00f1ado de un mensaje de amenaza, en las calles Bamb\u00fa y Chabacano, colonia Ampliaci\u00f3n San Marcos, municipio de Tultitl\u00e1n, Estado de M\u00e9xico.<\/p>\n\n\n\n<p>De acuerdo con los reportes, el cuerpo fue arrojado por sujetos que viajaban a bordo de un Nissan Tsuru blanco, quienes tras dejar a la v\u00edctima continuaron su camino.<\/p>\n\n\n\n<p>Al llegar al lugar, las autoridades acordonaron la zona y confirmaron que el hombre, de unos 25 a 30 a\u00f1os, vest\u00eda playera morada y pantal\u00f3n de mezclilla azul, ya no presentaba signos vitales.<\/p>\n\n\n\n<p>La Fiscal\u00eda General de Justicia del Estado de M\u00e9xico (FGJEM) realiz\u00f3 el levantamiento del cuerpo y asegur\u00f3 los indicios para continuar con las investigaciones correspondientes y determinar la identidad de la v\u00edctima y de los responsables.<\/p>\n\n\n\n<figure class=\"wp-block-image size-large\"><img fetchpriority=\"high\" decoding=\"async\" width=\"1024\" height=\"576\" src=\"https:\/\/elinformante.mx\/wp-content\/uploads\/2025\/10\/EIM-RECTANGULAR-6-1024x576.png\" alt=\"\" class=\"wp-image-93840\" srcset=\"https:\/\/elinformante.mx\/wp-content\/uploads\/2025\/10\/EIM-RECTANGULAR-6-1024x576.png 1024w, https:\/\/elinformante.mx\/wp-content\/uploads\/2025\/10\/EIM-RECTANGULAR-6-300x169.png 300w, https:\/\/elinformante.mx\/wp-content\/uploads\/2025\/10\/EIM-RECTANGULAR-6-768x432.png 768w, https:\/\/elinformante.mx\/wp-content\/uploads\/2025\/10\/EIM-RECTANGULAR-6-1536x864.png 1536w, https:\/\/elinformante.mx\/wp-content\/uploads\/2025\/10\/EIM-RECTANGULAR-6.png 1920w\" sizes=\"(max-width: 1024px) 100vw, 1024px\" \/><\/figure>\n","protected":false},"excerpt":{"rendered":"<p>El pasado s\u00e1bado fue encontrado el cuerpo de un hombre maniatado y con se\u00f1ales de violencia, acompa\u00f1ado de un mensaje de amenaza, en las calles Bamb\u00fa y Chabacano, colonia Ampliaci\u00f3n San Marcos, municipio de Tultitl\u00e1n, Estado de M\u00e9xico. De acuerdo con los reportes, el cuerpo fue arrojado por sujetos que viajaban a bordo de un [&hellip;]<\/p>\n","protected":false},"author":2,"featured_media":93841,"comment_status":"closed","ping_status":"closed","sticky":false,"template":"","format":"standard","meta":{"footnotes":""},"categories":[36],"tags":[],"class_list":["post-93839","post","type-post","status-publish","format-standard","has-post-thumbnail","hentry","category-edomex"],"_links":{"self":[{"href":"https:\/\/elinformante.mx\/index.php?rest_route=\/wp\/v2\/posts\/93839","targetHints":{"allow":["GET"]}}],"collection":[{"href":"https:\/\/elinformante.mx\/index.php?rest_route=\/wp\/v2\/posts"}],"about":[{"href":"https:\/\/elinformante.mx\/index.php?rest_route=\/wp\/v2\/types\/post"}],"author":[{"embeddable":true,"href":"https:\/\/elinformante.mx\/index.php?rest_route=\/wp\/v2\/users\/2"}],"replies":[{"embeddable":true,"href":"https:\/\/elinformante.mx\/index.php?rest_route=%2Fwp%2Fv2%2Fcomments&post=93839"}],"version-history":[{"count":0,"href":"https:\/\/elinformante.mx\/index.php?rest_route=\/wp\/v2\/posts\/93839\/revisions"}],"wp:featuredmedia":[{"embeddable":true,"href":"https:\/\/elinformante.mx\/index.php?rest_route=\/wp\/v2\/media\/93841"}],"wp:attachment":[{"href":"https:\/\/elinformante.mx\/index.php?rest_route=%2Fwp%2Fv2%2Fmedia&parent=93839"}],"wp:term":[{"taxonomy":"category","embeddable":true,"href":"https:\/\/elinformante.mx\/index.php?rest_route=%2Fwp%2Fv2%2Fcategories&post=93839"},{"taxonomy":"post_tag","embeddable":true,"href":"https:\/\/elinformante.mx\/index.php?rest_route=%2Fwp%2Fv2%2Ftags&post=93839"}],"curies":[{"name":"wp","href":"https:\/\/api.w.org\/{rel}","templated":true}]}}