{"id":93861,"date":"2025-10-07T06:04:38","date_gmt":"2025-10-07T12:04:38","guid":{"rendered":"https:\/\/elinformante.mx\/?p=93861"},"modified":"2025-10-07T06:04:41","modified_gmt":"2025-10-07T12:04:41","slug":"pjedomex-instala-el-tribunal-de-disciplina-judicial","status":"publish","type":"post","link":"https:\/\/elinformante.mx\/?p=93861","title":{"rendered":"PJEdom\u00e9x instala el Tribunal de Disciplina Judicial"},"content":{"rendered":"\n<figure class=\"wp-block-pullquote\"><blockquote><p>-Es encabezado por la Magistrada Maricela Reyes Hern\u00e1ndez; asistieron los Magistrados Presidentes del Tribunal Superior de Justicia, H\u00e9ctor Macedo Garc\u00eda y del \u00d3rgano de Administraci\u00f3n Judicial, Fernando D\u00edaz Ju\u00e1rez.<\/p><\/blockquote><\/figure>\n\n\n\n<p class=\"has-drop-cap\">El Poder Judicial del Estado de M\u00e9xico dio un paso firme hacia el fortalecimiento de la justicia con la instalaci\u00f3n formal del Tribunal de Disciplina Judicial, encargado de garantizar que la labor de las y los juzgadores se mantenga con integridad, responsabilidad y apego a la ley.<br><\/p>\n\n\n\n<p>Durante la primera sesi\u00f3n ordinaria, la Magistrada Maricela Reyes Hern\u00e1ndez, Presidenta del nuevo \u00f3rgano, destac\u00f3 que su creaci\u00f3n responde a una exigencia ciudadana por instituciones m\u00e1s transparentes y confiables.<br><\/p>\n\n\n\n<p>\u201cLa instalaci\u00f3n de este Pleno no solo representa el inicio de nuestros trabajos, sino tambi\u00e9n el compromiso solemne de actuar con rectitud, independencia y apego a la Constituci\u00f3n y a la ley. Seremos un Tribunal que privilegiar\u00e1 la prevenci\u00f3n, pero tambi\u00e9n sancionar\u00e1 con firmeza las conductas que atenten contra la dignidad y el deber judicial, con el prop\u00f3sito de fortalecer la confianza social en las instituciones de justicia\u201d, afirm\u00f3.<br><\/p>\n\n\n\n<p>A la sesi\u00f3n asistieron el Magistrado Presidente del Tribunal Superior de Justicia del Estado de M\u00e9xico, H\u00e9ctor Macedo Garc\u00eda y el Magistrado Fernando D\u00edaz Ju\u00e1rez, Presidente del \u00d3rgano de Administraci\u00f3n Judicial.<br><\/p>\n\n\n\n<p>Macedo Garc\u00eda celebr\u00f3 este hecho como un avance hist\u00f3rico para la instituci\u00f3n. Reconoci\u00f3 el trabajo conjunto de quienes integran el Poder Judicial y llam\u00f3 a mantener la coordinaci\u00f3n y el di\u00e1logo permanente entre los distintos \u00f3rganos. \u201cEl Poder Judicial est\u00e1 unido y listo para seguir fortaleciendo su funci\u00f3n en beneficio de la ciudadan\u00eda\u201d, se\u00f1al\u00f3.<br><\/p>\n\n\n\n<p>Como parte del orden del d\u00eda, se aprob\u00f3 el nombramiento de la Magistrada Nancy Flores Mendoza, como representante del Poder Judicial ante el Comit\u00e9 Coordinador del Sistema Anticorrupci\u00f3n del Estado de M\u00e9xico, designaci\u00f3n que refuerza el compromiso institucional con la transparencia y la rendici\u00f3n de cuentas.<br><\/p>\n\n\n\n<p>Asimismo, Astrid Lorena Avilez Villena rindi\u00f3 protesta como Secretaria de Acuerdos del Tribunal de Disciplina Judicial, cargo con el que asumir\u00e1 la responsabilidad de dar seguimiento a los asuntos y resoluciones del Pleno.<\/p>\n","protected":false},"excerpt":{"rendered":"<p>-Es encabezado por la Magistrada Maricela Reyes Hern\u00e1ndez; asistieron los Magistrados Presidentes del Tribunal Superior de Justicia, H\u00e9ctor Macedo Garc\u00eda y del \u00d3rgano de Administraci\u00f3n Judicial, Fernando D\u00edaz Ju\u00e1rez. El Poder Judicial del Estado de M\u00e9xico dio un paso firme hacia el fortalecimiento de la justicia con la instalaci\u00f3n formal del Tribunal de Disciplina Judicial, [&hellip;]<\/p>\n","protected":false},"author":1,"featured_media":93862,"comment_status":"closed","ping_status":"closed","sticky":false,"template":"","format":"standard","meta":{"footnotes":""},"categories":[1],"tags":[],"class_list":["post-93861","post","type-post","status-publish","format-standard","has-post-thumbnail","hentry","category-sin-categoria"],"_links":{"self":[{"href":"https:\/\/elinformante.mx\/index.php?rest_route=\/wp\/v2\/posts\/93861","targetHints":{"allow":["GET"]}}],"collection":[{"href":"https:\/\/elinformante.mx\/index.php?rest_route=\/wp\/v2\/posts"}],"about":[{"href":"https:\/\/elinformante.mx\/index.php?rest_route=\/wp\/v2\/types\/post"}],"author":[{"embeddable":true,"href":"https:\/\/elinformante.mx\/index.php?rest_route=\/wp\/v2\/users\/1"}],"replies":[{"embeddable":true,"href":"https:\/\/elinformante.mx\/index.php?rest_route=%2Fwp%2Fv2%2Fcomments&post=93861"}],"version-history":[{"count":0,"href":"https:\/\/elinformante.mx\/index.php?rest_route=\/wp\/v2\/posts\/93861\/revisions"}],"wp:featuredmedia":[{"embeddable":true,"href":"https:\/\/elinformante.mx\/index.php?rest_route=\/wp\/v2\/media\/93862"}],"wp:attachment":[{"href":"https:\/\/elinformante.mx\/index.php?rest_route=%2Fwp%2Fv2%2Fmedia&parent=93861"}],"wp:term":[{"taxonomy":"category","embeddable":true,"href":"https:\/\/elinformante.mx\/index.php?rest_route=%2Fwp%2Fv2%2Fcategories&post=93861"},{"taxonomy":"post_tag","embeddable":true,"href":"https:\/\/elinformante.mx\/index.php?rest_route=%2Fwp%2Fv2%2Ftags&post=93861"}],"curies":[{"name":"wp","href":"https:\/\/api.w.org\/{rel}","templated":true}]}}