{"id":93863,"date":"2025-10-07T06:13:35","date_gmt":"2025-10-07T12:13:35","guid":{"rendered":"https:\/\/elinformante.mx\/?p=93863"},"modified":"2025-10-07T06:13:41","modified_gmt":"2025-10-07T12:13:41","slug":"edomex-recibira-inversion-de-2600-mdp-en-industria-alimentaria-y-comercio-laura-gonzalez","status":"publish","type":"post","link":"https:\/\/elinformante.mx\/?p=93863","title":{"rendered":"Edom\u00e9x recibir\u00e1 inversi\u00f3n de 2600 mdp en industria alimentaria y comercio: Laura Gonz\u00e1lez"},"content":{"rendered":"\n<figure class=\"wp-block-pullquote\"><blockquote><p>-Empresas como Grupo JUMEX, WALDOS y Nutri Well reafirman la confianza que el sector empresarial tiene en la actual administraci\u00f3n.<\/p><\/blockquote><\/figure>\n\n\n\n<p class=\"has-drop-cap\">La administraci\u00f3n de la Gobernadora Delfina G\u00f3mez \u00c1lvarez anunci\u00f3 diversos proyectos de empresas de los sectores alimenticio y comercio por alrededor de 2 mil 600 millones de pesos, con los que se generar\u00e1n m\u00e1s de 3 mil empleos.<br><\/p>\n\n\n\n<p>Dentro de estos anuncios, Grupo JUMEX, l\u00edder en el mercado global de bebidas, inaugur\u00f3 en el municipio de Ecatepec el Centro Maestro de Distribuci\u00f3n II, caracterizado por ser un almac\u00e9n inteligente que incrementar\u00e1 en 80 por ciento su capacidad de almacenamiento, el cual tuvo una inversi\u00f3n de alrededor de 2 mil 200 millones de pesos y generar\u00e1 200 empleos.<br><\/p>\n\n\n\n<p>WALDOS Dolar Mart dio a conocer que expandir\u00e1 su presencia en el Estado de M\u00e9xico con nuevas sucursales en diversas regiones de la entidad, para lo que invertir\u00e1 310 millones de pesos y generar\u00e1 m\u00e1s de 2 mil empleos.<br><\/p>\n\n\n\n<figure class=\"wp-block-image size-large\"><img fetchpriority=\"high\" decoding=\"async\" width=\"1024\" height=\"506\" src=\"https:\/\/elinformante.mx\/wp-content\/uploads\/2025\/10\/13edomex-3-1024x506.jpg\" alt=\"\" class=\"wp-image-93865\" srcset=\"https:\/\/elinformante.mx\/wp-content\/uploads\/2025\/10\/13edomex-3-1024x506.jpg 1024w, https:\/\/elinformante.mx\/wp-content\/uploads\/2025\/10\/13edomex-3-300x148.jpg 300w, https:\/\/elinformante.mx\/wp-content\/uploads\/2025\/10\/13edomex-3-768x379.jpg 768w, https:\/\/elinformante.mx\/wp-content\/uploads\/2025\/10\/13edomex-3.jpg 1140w\" sizes=\"(max-width: 1024px) 100vw, 1024px\" \/><\/figure>\n\n\n\n<p>Finalmente, la empresa Nutri Well, dedicada a elaborar alimentos de alto valor nutricional, comprometida con la salud, inaugur\u00f3 una nueva l\u00ednea de producci\u00f3n en su planta de Toluca.<br><\/p>\n\n\n\n<p>Laura Gonz\u00e1lez Hern\u00e1ndez, Secretaria de Desarrollo Econ\u00f3mico, se\u00f1al\u00f3 que el Estado de M\u00e9xico se posiciona en primer lugar a nivel nacional en ambos sectores, ya que existen 38 mil 928 unidades econ\u00f3micas dedicadas al servicio de preparaci\u00f3n de alimentos y bebidas que representan el 14 por ciento de las 266 mil 156 unidades del pa\u00eds, empleando a m\u00e1s de 172 mil mexiquenses, el 12 por ciento del total nacional.<br><\/p>\n\n\n\n<p>En cuanto al sector comercio, la entidad mexiquense concentra un total de 5 mil 313 tiendas de autoservicio y departamentales que equivalen al 9.6 por ciento del total registradas en el pa\u00eds.<br><\/p>\n\n\n\n<p>Finalmente, resalt\u00f3 que proyectos como estos se consolidan por la buena sinergia entre el sector p\u00fablico y privado, por ello, este Gobierno mantendr\u00e1 el compromiso de incrementar condiciones para la llegada de nuevas empresas y tambi\u00e9n para su crecimiento en la entidad.<\/p>\n\n\n\n<figure class=\"wp-block-image size-large\"><img decoding=\"async\" width=\"1024\" height=\"506\" src=\"https:\/\/elinformante.mx\/wp-content\/uploads\/2025\/10\/13edomex-1024x506.jpg\" alt=\"\" class=\"wp-image-93866\" srcset=\"https:\/\/elinformante.mx\/wp-content\/uploads\/2025\/10\/13edomex-1024x506.jpg 1024w, https:\/\/elinformante.mx\/wp-content\/uploads\/2025\/10\/13edomex-300x148.jpg 300w, https:\/\/elinformante.mx\/wp-content\/uploads\/2025\/10\/13edomex-768x379.jpg 768w, https:\/\/elinformante.mx\/wp-content\/uploads\/2025\/10\/13edomex.jpg 1140w\" sizes=\"(max-width: 1024px) 100vw, 1024px\" \/><\/figure>\n","protected":false},"excerpt":{"rendered":"<p>-Empresas como Grupo JUMEX, WALDOS y Nutri Well reafirman la confianza que el sector empresarial tiene en la actual administraci\u00f3n. La administraci\u00f3n de la Gobernadora Delfina G\u00f3mez \u00c1lvarez anunci\u00f3 diversos proyectos de empresas de los sectores alimenticio y comercio por alrededor de 2 mil 600 millones de pesos, con los que se generar\u00e1n m\u00e1s de [&hellip;]<\/p>\n","protected":false},"author":1,"featured_media":93864,"comment_status":"closed","ping_status":"closed","sticky":false,"template":"","format":"standard","meta":{"footnotes":""},"categories":[30,36],"tags":[],"class_list":["post-93863","post","type-post","status-publish","format-standard","has-post-thumbnail","hentry","category-destacado","category-edomex"],"_links":{"self":[{"href":"https:\/\/elinformante.mx\/index.php?rest_route=\/wp\/v2\/posts\/93863","targetHints":{"allow":["GET"]}}],"collection":[{"href":"https:\/\/elinformante.mx\/index.php?rest_route=\/wp\/v2\/posts"}],"about":[{"href":"https:\/\/elinformante.mx\/index.php?rest_route=\/wp\/v2\/types\/post"}],"author":[{"embeddable":true,"href":"https:\/\/elinformante.mx\/index.php?rest_route=\/wp\/v2\/users\/1"}],"replies":[{"embeddable":true,"href":"https:\/\/elinformante.mx\/index.php?rest_route=%2Fwp%2Fv2%2Fcomments&post=93863"}],"version-history":[{"count":0,"href":"https:\/\/elinformante.mx\/index.php?rest_route=\/wp\/v2\/posts\/93863\/revisions"}],"wp:featuredmedia":[{"embeddable":true,"href":"https:\/\/elinformante.mx\/index.php?rest_route=\/wp\/v2\/media\/93864"}],"wp:attachment":[{"href":"https:\/\/elinformante.mx\/index.php?rest_route=%2Fwp%2Fv2%2Fmedia&parent=93863"}],"wp:term":[{"taxonomy":"category","embeddable":true,"href":"https:\/\/elinformante.mx\/index.php?rest_route=%2Fwp%2Fv2%2Fcategories&post=93863"},{"taxonomy":"post_tag","embeddable":true,"href":"https:\/\/elinformante.mx\/index.php?rest_route=%2Fwp%2Fv2%2Ftags&post=93863"}],"curies":[{"name":"wp","href":"https:\/\/api.w.org\/{rel}","templated":true}]}}