{"id":93870,"date":"2025-10-07T06:20:09","date_gmt":"2025-10-07T12:20:09","guid":{"rendered":"https:\/\/elinformante.mx\/?p=93870"},"modified":"2025-10-07T06:20:13","modified_gmt":"2025-10-07T12:20:13","slug":"trabajo-coordinado-con-autoridades-genera-bienestar-a-mexicaltzingo-saray-benitez","status":"publish","type":"post","link":"https:\/\/elinformante.mx\/?p=93870","title":{"rendered":"Trabajo coordinado con autoridades genera bienestar a Mexicaltzingo: Saray Ben\u00edtez"},"content":{"rendered":"\n<figure class=\"wp-block-pullquote\"><blockquote><p>Agradeci\u00f3 a la Gobernadora Maestra Delfina G\u00f3mez \u00c1lvarez por el respaldo que ha brindado a las familias mexicaltzinguenses.<\/p><\/blockquote><\/figure>\n\n\n\n<p class=\"has-drop-cap\">Saray Ben\u00edtez Espinosa, presidenta municipal de Mexicaltzingo, inform\u00f3 mediante redes sociales su acercamiento con diferentes autoridades, a quienes agradeci\u00f3 en sus reuniones el enorme apoyo que han brindado al municipio para poder llevar a cabo los trabajos para mejorar las condiciones de vida de las y los vecinos de los municipios.<br><\/p>\n\n\n\n<p>Comenz\u00f3 con su reuni\u00f3n con la Diputada Ang\u00e9lica P\u00e9rez Cer\u00f3n durante la presentaci\u00f3n de su Primer Informe Legislativo y a qui\u00e9n reconoci\u00f3 su gran compromiso y dedicaci\u00f3n al servicio de las y los mexiquenses.<br><\/p>\n\n\n\n<figure class=\"wp-block-image size-large\"><img fetchpriority=\"high\" decoding=\"async\" width=\"1024\" height=\"506\" src=\"https:\/\/elinformante.mx\/wp-content\/uploads\/2025\/10\/12mexi-1024x506.jpg\" alt=\"\" class=\"wp-image-93872\" srcset=\"https:\/\/elinformante.mx\/wp-content\/uploads\/2025\/10\/12mexi-1024x506.jpg 1024w, https:\/\/elinformante.mx\/wp-content\/uploads\/2025\/10\/12mexi-300x148.jpg 300w, https:\/\/elinformante.mx\/wp-content\/uploads\/2025\/10\/12mexi-768x379.jpg 768w, https:\/\/elinformante.mx\/wp-content\/uploads\/2025\/10\/12mexi.jpg 1140w\" sizes=\"(max-width: 1024px) 100vw, 1024px\" \/><\/figure>\n\n\n\n<p>Durante su reuni\u00f3n pudo conversar con el Secretario General de Gobierno, Horacio Duarte, quien tambi\u00e9n asisti\u00f3 en representaci\u00f3n de la Gobernadora Delfina G\u00f3mez \u00c1lvarez, tambi\u00e9n puedo conversar con el Magistrado Presidente del Tribunal Superior de Justicia, H\u00e9ctor Macedo Garc\u00eda, con qui\u00e9n trabaja en el fortalecimiento de la unidad y el trabajo conjunto por el bienestar del Estado de M\u00e9xico.<br><\/p>\n\n\n\n<p>Tambi\u00e9n agradeci\u00f3 a la Gobernadora Maestra Delfina G\u00f3mez \u00c1lvarez por el respaldo que ha brindado a las familias mexicaltzinguenses, y agradeci\u00f3 el trabajo coordinado que se ha llevado a cabo, se\u00f1alando que siempre ser\u00e1n en favor del bienestar de nuestro municipio.<br><\/p>\n\n\n\n<p>Ben\u00edtez Espinosa reafirm\u00f3 que el esp\u00edritu de servicio, humanismo y solidaridad de la Gobernadora, ha convocado a refrendar nuestra responsabilidad con sensibilidad y profesionalismo.<\/p>\n","protected":false},"excerpt":{"rendered":"<p>Agradeci\u00f3 a la Gobernadora Maestra Delfina G\u00f3mez \u00c1lvarez por el respaldo que ha brindado a las familias mexicaltzinguenses. Saray Ben\u00edtez Espinosa, presidenta municipal de Mexicaltzingo, inform\u00f3 mediante redes sociales su acercamiento con diferentes autoridades, a quienes agradeci\u00f3 en sus reuniones el enorme apoyo que han brindado al municipio para poder llevar a cabo los trabajos [&hellip;]<\/p>\n","protected":false},"author":1,"featured_media":93871,"comment_status":"closed","ping_status":"closed","sticky":false,"template":"","format":"standard","meta":{"footnotes":""},"categories":[36],"tags":[],"class_list":["post-93870","post","type-post","status-publish","format-standard","has-post-thumbnail","hentry","category-edomex"],"_links":{"self":[{"href":"https:\/\/elinformante.mx\/index.php?rest_route=\/wp\/v2\/posts\/93870","targetHints":{"allow":["GET"]}}],"collection":[{"href":"https:\/\/elinformante.mx\/index.php?rest_route=\/wp\/v2\/posts"}],"about":[{"href":"https:\/\/elinformante.mx\/index.php?rest_route=\/wp\/v2\/types\/post"}],"author":[{"embeddable":true,"href":"https:\/\/elinformante.mx\/index.php?rest_route=\/wp\/v2\/users\/1"}],"replies":[{"embeddable":true,"href":"https:\/\/elinformante.mx\/index.php?rest_route=%2Fwp%2Fv2%2Fcomments&post=93870"}],"version-history":[{"count":0,"href":"https:\/\/elinformante.mx\/index.php?rest_route=\/wp\/v2\/posts\/93870\/revisions"}],"wp:featuredmedia":[{"embeddable":true,"href":"https:\/\/elinformante.mx\/index.php?rest_route=\/wp\/v2\/media\/93871"}],"wp:attachment":[{"href":"https:\/\/elinformante.mx\/index.php?rest_route=%2Fwp%2Fv2%2Fmedia&parent=93870"}],"wp:term":[{"taxonomy":"category","embeddable":true,"href":"https:\/\/elinformante.mx\/index.php?rest_route=%2Fwp%2Fv2%2Fcategories&post=93870"},{"taxonomy":"post_tag","embeddable":true,"href":"https:\/\/elinformante.mx\/index.php?rest_route=%2Fwp%2Fv2%2Ftags&post=93870"}],"curies":[{"name":"wp","href":"https:\/\/api.w.org\/{rel}","templated":true}]}}