{"id":93873,"date":"2025-10-07T06:23:14","date_gmt":"2025-10-07T12:23:14","guid":{"rendered":"https:\/\/elinformante.mx\/?p=93873"},"modified":"2025-10-07T06:23:19","modified_gmt":"2025-10-07T12:23:19","slug":"san-mateo-atenco-mantiene-monitoreo-del-rio-lerma-con-apoyo-del-c4-ana-muniz","status":"publish","type":"post","link":"https:\/\/elinformante.mx\/?p=93873","title":{"rendered":"San Mateo Atenco mantiene monitoreo del r\u00edo Lerma con apoyo del C4: Ana Mu\u00f1iz"},"content":{"rendered":"\n<figure class=\"wp-block-pullquote\"><blockquote><p>Mu\u00f1iz Neyra recalc\u00f3 que los recorridos y sobrevuelos ser\u00e1n de manera permanente.<\/p><\/blockquote><\/figure>\n\n\n\n<p class=\"has-drop-cap\">La presidenta municipal de San Mateo Atenco, Ana Mu\u00f1iz Neyra inform\u00f3 mediante redes sociales que en el municipio el Centro de Mando Municipal C4 lleva a cabo una serie de recorridos mediante sobrevuelos con dron t\u00e1ctico sobre el r\u00edo Lerma.<br><\/p>\n\n\n\n<p>Estos vuelos se est\u00e1n realizando en el tramo comprendido entre las calles 5 de Mayo y Allende, en el barrio de Guadalupe, con el objetivo de monitorear los niveles del cauce ante las lluvias recientes, se\u00f1alando que no se han detectado escurrimientos, fracturas no agrietamientos que puedan representar riesgo para las familias que habitan la zona cercana y aleda\u00f1a del R\u00edo Lerma.<br><\/p>\n\n\n\n<p>Mu\u00f1iz Neyra recalc\u00f3 que los recorridos y sobrevuelos ser\u00e1n de manera permanente, adem\u00e1s de invitar a la poblaci\u00f3n a mantenerse atentos e informados a trav\u00e9s de fuentes oficiales.<br><\/p>\n\n\n\n<p>Les record\u00f3 a los vecinos que ante cualquier emergencia pueden comunicarse al n\u00famero 911 para reportarlas ante las autoridades correspondientes.<br><\/p>\n\n\n\n<p>Mu\u00f1iz Neyra afirm\u00f3 que su gobierno, en coordinaci\u00f3n con las autoridades, tanto municipales, estatales y federales continuaran trabajando para mantener a San Mateo Atenco a salvo.<br><\/p>\n\n\n\n<p>Y termin\u00f3, se\u00f1alando que en el lugar permanecer\u00e1 personal de la Direcci\u00f3n de Seguridad Humana y Orden Vial y Protecci\u00f3n Civil, as\u00ed como de Gesti\u00f3n de Riesgos, atentos ante cualquier eventualidad en la ribera del r\u00edo.<\/p>\n","protected":false},"excerpt":{"rendered":"<p>Mu\u00f1iz Neyra recalc\u00f3 que los recorridos y sobrevuelos ser\u00e1n de manera permanente. La presidenta municipal de San Mateo Atenco, Ana Mu\u00f1iz Neyra inform\u00f3 mediante redes sociales que en el municipio el Centro de Mando Municipal C4 lleva a cabo una serie de recorridos mediante sobrevuelos con dron t\u00e1ctico sobre el r\u00edo Lerma. Estos vuelos se [&hellip;]<\/p>\n","protected":false},"author":1,"featured_media":93874,"comment_status":"closed","ping_status":"closed","sticky":false,"template":"","format":"standard","meta":{"footnotes":""},"categories":[30,36],"tags":[],"class_list":["post-93873","post","type-post","status-publish","format-standard","has-post-thumbnail","hentry","category-destacado","category-edomex"],"_links":{"self":[{"href":"https:\/\/elinformante.mx\/index.php?rest_route=\/wp\/v2\/posts\/93873","targetHints":{"allow":["GET"]}}],"collection":[{"href":"https:\/\/elinformante.mx\/index.php?rest_route=\/wp\/v2\/posts"}],"about":[{"href":"https:\/\/elinformante.mx\/index.php?rest_route=\/wp\/v2\/types\/post"}],"author":[{"embeddable":true,"href":"https:\/\/elinformante.mx\/index.php?rest_route=\/wp\/v2\/users\/1"}],"replies":[{"embeddable":true,"href":"https:\/\/elinformante.mx\/index.php?rest_route=%2Fwp%2Fv2%2Fcomments&post=93873"}],"version-history":[{"count":0,"href":"https:\/\/elinformante.mx\/index.php?rest_route=\/wp\/v2\/posts\/93873\/revisions"}],"wp:featuredmedia":[{"embeddable":true,"href":"https:\/\/elinformante.mx\/index.php?rest_route=\/wp\/v2\/media\/93874"}],"wp:attachment":[{"href":"https:\/\/elinformante.mx\/index.php?rest_route=%2Fwp%2Fv2%2Fmedia&parent=93873"}],"wp:term":[{"taxonomy":"category","embeddable":true,"href":"https:\/\/elinformante.mx\/index.php?rest_route=%2Fwp%2Fv2%2Fcategories&post=93873"},{"taxonomy":"post_tag","embeddable":true,"href":"https:\/\/elinformante.mx\/index.php?rest_route=%2Fwp%2Fv2%2Ftags&post=93873"}],"curies":[{"name":"wp","href":"https:\/\/api.w.org\/{rel}","templated":true}]}}