{"id":93882,"date":"2025-10-07T06:39:55","date_gmt":"2025-10-07T12:39:55","guid":{"rendered":"https:\/\/elinformante.mx\/?p=93882"},"modified":"2025-10-07T06:40:03","modified_gmt":"2025-10-07T12:40:03","slug":"es-sede-la-uaemex-de-congresos-internacionales-de-enfermeria-y-gerontologia","status":"publish","type":"post","link":"https:\/\/elinformante.mx\/?p=93882","title":{"rendered":"Es sede la UAEM\u00e9x de congresos internacionales de Enfermer\u00eda y Gerontolog\u00eda"},"content":{"rendered":"\n<figure class=\"wp-block-pullquote\"><blockquote><p>Con el prop\u00f3sito de consolidar un esfuerzo colectivo que busca impulsar la investigaci\u00f3n.<\/p><\/blockquote><\/figure>\n\n\n\n<p class=\"has-drop-cap\">La Facultad de Enfermer\u00eda y Obstetricia de la Universidad Aut\u00f3noma del Estado de M\u00e9xico (UAEM\u00e9x) fue sede del Octavo Congreso Internacional de Cuerpos Acad\u00e9micos de Enfermer\u00eda y Segundo Congreso Internacional de Cuerpos Acad\u00e9micos de Gerontolog\u00eda \u201cInnovaciones en el Cuidado. Fortaleza para la Atenci\u00f3n Primaria a la Salud\u201d.<br><\/p>\n\n\n\n<p>Barbara Dimas Altamirano, directora de este espacio universitario, apunt\u00f3 que estas actividades acad\u00e9micas se realizaron en el marco del 30 aniversario de la creaci\u00f3n de la Maestr\u00eda en Enfermer\u00eda dentro de la Aut\u00f3noma mexiquense, con el prop\u00f3sito de consolidar un esfuerzo colectivo que busca impulsar la investigaci\u00f3n como motor de transformaci\u00f3n y desarrollo social.<br><\/p>\n\n\n\n<p>Mencion\u00f3 que busca destacar la participaci\u00f3n de los cuerpos acad\u00e9micos, cuya labor de investigaci\u00f3n y consolidaci\u00f3n ha permitido generar nuevas rutas de conocimiento y posicionado a la facultad como un espacio de referencia en distintas \u00e1reas del saber.<br><\/p>\n\n\n\n<p>La l\u00edder del cuerpo acad\u00e9mico Cuidado Profesional de Enfermer\u00eda, Mar\u00eda de Lourdes Garc\u00eda Hern\u00e1ndez, enfatiz\u00f3 que este espacio de conocimiento busca fomentar el desarrollo e investigaci\u00f3n de cuerpos multidisciplinarios y la socializaci\u00f3n de los hallazgos cient\u00edficos que coadyuven a las innovaciones y el fortalecimiento de la atenci\u00f3n primaria de la salud.<br><\/p>\n\n\n\n<p>Este Octavo Congreso Internacional de Cuerpos Acad\u00e9micos de Enfermer\u00eda y el Segundo Congreso Internacional de Cuerpos Acad\u00e9micos de Gerontolog\u00eda tuvo como objetivo fomentar el desarrollo y el fortalecimiento de la investigaci\u00f3n entre cuerpos acad\u00e9micos y grupos multidisciplinarios que coadyuven a las innovaciones en el cuidado y en el fortalecimiento de la atenci\u00f3n primaria a la salud.<br><\/p>\n\n\n\n<p>El Congreso se llev\u00f3 a cabo en la modalidad virtual y cont\u00f3 con la participaci\u00f3n de la consultora internacional de la Unidad de Recursos Humanos para la Salud de la Organizaci\u00f3n Panamericana de la Salud, Bruna Moreno D\u00edaz; la decana de la Facultad de Enfermer\u00eda de la Universidad de Concepci\u00f3n de Chile, Viviane Jofr\u00e9 Aravena, y el director de la carrera de Gerenciamiento Integral de Servicios de Enfermer\u00eda y de la carrera de Gesti\u00f3n de Organizaciones de Salud de la Universidad de Maim\u00f3nides, en Argentina, Roberto Daniel N\u00fa\u00f1ez.<\/p>\n","protected":false},"excerpt":{"rendered":"<p>Con el prop\u00f3sito de consolidar un esfuerzo colectivo que busca impulsar la investigaci\u00f3n. La Facultad de Enfermer\u00eda y Obstetricia de la Universidad Aut\u00f3noma del Estado de M\u00e9xico (UAEM\u00e9x) fue sede del Octavo Congreso Internacional de Cuerpos Acad\u00e9micos de Enfermer\u00eda y Segundo Congreso Internacional de Cuerpos Acad\u00e9micos de Gerontolog\u00eda \u201cInnovaciones en el Cuidado. Fortaleza para la [&hellip;]<\/p>\n","protected":false},"author":1,"featured_media":93883,"comment_status":"closed","ping_status":"closed","sticky":false,"template":"","format":"standard","meta":{"footnotes":""},"categories":[30,36],"tags":[],"class_list":["post-93882","post","type-post","status-publish","format-standard","has-post-thumbnail","hentry","category-destacado","category-edomex"],"_links":{"self":[{"href":"https:\/\/elinformante.mx\/index.php?rest_route=\/wp\/v2\/posts\/93882","targetHints":{"allow":["GET"]}}],"collection":[{"href":"https:\/\/elinformante.mx\/index.php?rest_route=\/wp\/v2\/posts"}],"about":[{"href":"https:\/\/elinformante.mx\/index.php?rest_route=\/wp\/v2\/types\/post"}],"author":[{"embeddable":true,"href":"https:\/\/elinformante.mx\/index.php?rest_route=\/wp\/v2\/users\/1"}],"replies":[{"embeddable":true,"href":"https:\/\/elinformante.mx\/index.php?rest_route=%2Fwp%2Fv2%2Fcomments&post=93882"}],"version-history":[{"count":0,"href":"https:\/\/elinformante.mx\/index.php?rest_route=\/wp\/v2\/posts\/93882\/revisions"}],"wp:featuredmedia":[{"embeddable":true,"href":"https:\/\/elinformante.mx\/index.php?rest_route=\/wp\/v2\/media\/93883"}],"wp:attachment":[{"href":"https:\/\/elinformante.mx\/index.php?rest_route=%2Fwp%2Fv2%2Fmedia&parent=93882"}],"wp:term":[{"taxonomy":"category","embeddable":true,"href":"https:\/\/elinformante.mx\/index.php?rest_route=%2Fwp%2Fv2%2Fcategories&post=93882"},{"taxonomy":"post_tag","embeddable":true,"href":"https:\/\/elinformante.mx\/index.php?rest_route=%2Fwp%2Fv2%2Ftags&post=93882"}],"curies":[{"name":"wp","href":"https:\/\/api.w.org\/{rel}","templated":true}]}}