{"id":93904,"date":"2025-10-07T07:42:32","date_gmt":"2025-10-07T13:42:32","guid":{"rendered":"https:\/\/elinformante.mx\/?p=93904"},"modified":"2025-10-07T07:42:43","modified_gmt":"2025-10-07T13:42:43","slug":"logra-mexico-autorizacion-para-repatriar-a-connacionales-detenidos-por-israel","status":"publish","type":"post","link":"https:\/\/elinformante.mx\/?p=93904","title":{"rendered":"Logra M\u00e9xico autorizaci\u00f3n para repatriar a connacionales detenidos por Israel"},"content":{"rendered":"\n<figure class=\"wp-block-pullquote\"><blockquote><p>Se llevar\u00e1 a cabo en coordinaci\u00f3n con nuestras embajadas en la regi\u00f3n.<\/p><\/blockquote><\/figure>\n\n\n\n<p class=\"has-drop-cap\">Se dio a conocer que el gobierno mexicano logr\u00f3 obtener la autorizaci\u00f3n del gobierno israel\u00ed de Benjam\u00edn Netanyahu para la pr\u00f3xima repatriaci\u00f3n a M\u00e9xico de los seis connacionales que fueron detenidos por el ej\u00e9rcito de Israel mientras navegaban con otros cientos de activistas internacionales en la Flotilla Global Sumud, que buscaba llegar a Gaza para entregar ayuda humanitaria.<br><\/p>\n\n\n\n<p>Asi lo se\u00f1al\u00f3 la Canciller\u00eda mexicana, fue el embajador de M\u00e9xico en Tel Aviv, Mauricio Escanero, qui\u00e9n visit\u00f3 a los seis ciudadanos mexicanos encarcelados en el centro de detenci\u00f3n de Ktziot y les inform\u00f3 sobre su regreso a M\u00e9xico, que se llevar\u00e1 a cabo en coordinaci\u00f3n con nuestras embajadas en la regi\u00f3n.<br><\/p>\n\n\n\n<p>Mediante un comunicado dio a conocer: \u201cPara asegurar un retorno seguro a M\u00e9xico se implementar\u00e1 un protocolo de protecci\u00f3n que incluye el acompa\u00f1amiento del embajador de M\u00e9xico en Israel durante su trayecto de regreso\u201d.<br><\/p>\n\n\n\n<p>Al menos 170 activistas privados de su libertad en Israel fueron expulsados a Grecia, como fue el caso de la activista sueca Greta Thunberg, quien fue sometida a maltratos durante su encarcelamiento; al llegar en territorio griego, la activista denunci\u00f3 que los l\u00edderes mundiales siguen alimentando el genocidio en Gaza y en otras partes del mundo, como en el Congo, Sud\u00e1n y Afganist\u00e1n.<\/p>\n","protected":false},"excerpt":{"rendered":"<p>Se llevar\u00e1 a cabo en coordinaci\u00f3n con nuestras embajadas en la regi\u00f3n. Se dio a conocer que el gobierno mexicano logr\u00f3 obtener la autorizaci\u00f3n del gobierno israel\u00ed de Benjam\u00edn Netanyahu para la pr\u00f3xima repatriaci\u00f3n a M\u00e9xico de los seis connacionales que fueron detenidos por el ej\u00e9rcito de Israel mientras navegaban con otros cientos de activistas [&hellip;]<\/p>\n","protected":false},"author":1,"featured_media":93905,"comment_status":"closed","ping_status":"closed","sticky":false,"template":"","format":"standard","meta":{"footnotes":""},"categories":[34],"tags":[],"class_list":["post-93904","post","type-post","status-publish","format-standard","has-post-thumbnail","hentry","category-nacional"],"_links":{"self":[{"href":"https:\/\/elinformante.mx\/index.php?rest_route=\/wp\/v2\/posts\/93904","targetHints":{"allow":["GET"]}}],"collection":[{"href":"https:\/\/elinformante.mx\/index.php?rest_route=\/wp\/v2\/posts"}],"about":[{"href":"https:\/\/elinformante.mx\/index.php?rest_route=\/wp\/v2\/types\/post"}],"author":[{"embeddable":true,"href":"https:\/\/elinformante.mx\/index.php?rest_route=\/wp\/v2\/users\/1"}],"replies":[{"embeddable":true,"href":"https:\/\/elinformante.mx\/index.php?rest_route=%2Fwp%2Fv2%2Fcomments&post=93904"}],"version-history":[{"count":0,"href":"https:\/\/elinformante.mx\/index.php?rest_route=\/wp\/v2\/posts\/93904\/revisions"}],"wp:featuredmedia":[{"embeddable":true,"href":"https:\/\/elinformante.mx\/index.php?rest_route=\/wp\/v2\/media\/93905"}],"wp:attachment":[{"href":"https:\/\/elinformante.mx\/index.php?rest_route=%2Fwp%2Fv2%2Fmedia&parent=93904"}],"wp:term":[{"taxonomy":"category","embeddable":true,"href":"https:\/\/elinformante.mx\/index.php?rest_route=%2Fwp%2Fv2%2Fcategories&post=93904"},{"taxonomy":"post_tag","embeddable":true,"href":"https:\/\/elinformante.mx\/index.php?rest_route=%2Fwp%2Fv2%2Ftags&post=93904"}],"curies":[{"name":"wp","href":"https:\/\/api.w.org\/{rel}","templated":true}]}}