{"id":93906,"date":"2025-10-07T07:44:40","date_gmt":"2025-10-07T13:44:40","guid":{"rendered":"https:\/\/elinformante.mx\/?p=93906"},"modified":"2025-10-07T07:44:55","modified_gmt":"2025-10-07T13:44:55","slug":"se-llevara-a-cabo-en-mexico-el-sts-forum-recibira-a-1500-participantes-ebrard","status":"publish","type":"post","link":"https:\/\/elinformante.mx\/?p=93906","title":{"rendered":"Se llevar\u00e1 a cabo en M\u00e9xico el STS Forum, recibir\u00e1 a 1500 participantes: Ebrard"},"content":{"rendered":"\n<figure class=\"wp-block-pullquote\"><blockquote><p>-Se congregar\u00e1n a 1,500 participantes: empresarios, l\u00edderes internacionales, premios Nobel, cient\u00edficos, acad\u00e9micos, innovadores.<\/p><\/blockquote><\/figure>\n\n\n\n<p class=\"has-drop-cap\">Para la edici\u00f3n de Am\u00e9rica Latina y el Caribe de la Science and Technology in Society (STS) Forum uno de los foros de ciencia y tecnolog\u00eda m\u00e1s relevantes del mundo, este tendr\u00e1 lugar en Cuernavaca, Morelos, entre el 3 y 5 de diciembre pr\u00f3ximos.<br><\/p>\n\n\n\n<p>El lema con el que se identificara es \u201cNuevas ideas para una Nueva Era\u201d, el foro de Cuernavaca ser\u00e1 un punto de encuentro entre empresas con alto desarrollo tecnol\u00f3gico, organismos internacionales acad\u00e9micos e innovadores de todo el mundo, y tendr\u00e1 como objetivo articular una agenda com\u00fan en torno a la ciencia y tecnolog\u00eda y la innovaci\u00f3n para el desarrollo sostenible de la regi\u00f3n.<br><\/p>\n\n\n\n<p>El secretario de Econom\u00eda, Marcelo Ebrard, realiza gira por Kioto, Jap\u00f3n, donde participa en el STS Forum, junto con representantes de empresas globales, altos funcionarios gubernamentales, premios Nobel y otros acad\u00e9micos.<br><\/p>\n\n\n\n<p>\u201cVengo porque M\u00e9xico va a ser la sede, en Cuernavaca, Morelos, del STS Forum para Am\u00e9rica Latina y el Caribe. Va a tener verificativo el 3, 4 y 5 de diciembre y le hemos puesto todo el empe\u00f1o para acercar todo el talento a los talentos de M\u00e9xico, a las empresas innovadoras\u201d, explic\u00f3 el secretario Ebrard, desde Kioto.<br><\/p>\n\n\n\n<p>Ebrard se\u00f1al\u00f3 que en el STS Forum, en el que participan m\u00e1s de 1,500 altos directivos de empresas, acad\u00e9micos, innovadores y pensadores, se ve con mucho inter\u00e9s a M\u00e9xico, \u201cno solo por lo que hemos logrado para M\u00e9xico, sino por las nuevas oportunidades que vienen\u201d.<br><\/p>\n\n\n\n<p>Ebrard Casaubon sostuvo una reuni\u00f3n de trabajo con Hiroshi Komiyama y Yu Zerizawa, presidente y secretaria general del STS Forum, respectivamente, con quienes acord\u00f3 darle el m\u00e1ximo impulso entre cient\u00edficos, innovadores y empresarios en el encuentro que tendr\u00e1 verificativo en Cuernavaca. Los sectores clave que se debatir\u00e1n en la capital morelense ser\u00e1n: energ\u00edas limpias, biotecnolog\u00eda, agricultura sostenible y desarrollo tecnol\u00f3gico.<br><\/p>\n\n\n\n<p>En Kioto, el secretario Marcelo Ebrard tambi\u00e9n se reuni\u00f3 con Pavel Kabat, secretario general del Programa Internacional de Ciencias de las Fronteras Humanas, con representantes latinoamericanos ante el STS y con cient\u00edficos mexicanos.<\/p>\n","protected":false},"excerpt":{"rendered":"<p>-Se congregar\u00e1n a 1,500 participantes: empresarios, l\u00edderes internacionales, premios Nobel, cient\u00edficos, acad\u00e9micos, innovadores. Para la edici\u00f3n de Am\u00e9rica Latina y el Caribe de la Science and Technology in Society (STS) Forum uno de los foros de ciencia y tecnolog\u00eda m\u00e1s relevantes del mundo, este tendr\u00e1 lugar en Cuernavaca, Morelos, entre el 3 y 5 de [&hellip;]<\/p>\n","protected":false},"author":1,"featured_media":93907,"comment_status":"closed","ping_status":"closed","sticky":false,"template":"","format":"standard","meta":{"footnotes":""},"categories":[30,34],"tags":[],"class_list":["post-93906","post","type-post","status-publish","format-standard","has-post-thumbnail","hentry","category-destacado","category-nacional"],"_links":{"self":[{"href":"https:\/\/elinformante.mx\/index.php?rest_route=\/wp\/v2\/posts\/93906","targetHints":{"allow":["GET"]}}],"collection":[{"href":"https:\/\/elinformante.mx\/index.php?rest_route=\/wp\/v2\/posts"}],"about":[{"href":"https:\/\/elinformante.mx\/index.php?rest_route=\/wp\/v2\/types\/post"}],"author":[{"embeddable":true,"href":"https:\/\/elinformante.mx\/index.php?rest_route=\/wp\/v2\/users\/1"}],"replies":[{"embeddable":true,"href":"https:\/\/elinformante.mx\/index.php?rest_route=%2Fwp%2Fv2%2Fcomments&post=93906"}],"version-history":[{"count":0,"href":"https:\/\/elinformante.mx\/index.php?rest_route=\/wp\/v2\/posts\/93906\/revisions"}],"wp:featuredmedia":[{"embeddable":true,"href":"https:\/\/elinformante.mx\/index.php?rest_route=\/wp\/v2\/media\/93907"}],"wp:attachment":[{"href":"https:\/\/elinformante.mx\/index.php?rest_route=%2Fwp%2Fv2%2Fmedia&parent=93906"}],"wp:term":[{"taxonomy":"category","embeddable":true,"href":"https:\/\/elinformante.mx\/index.php?rest_route=%2Fwp%2Fv2%2Fcategories&post=93906"},{"taxonomy":"post_tag","embeddable":true,"href":"https:\/\/elinformante.mx\/index.php?rest_route=%2Fwp%2Fv2%2Ftags&post=93906"}],"curies":[{"name":"wp","href":"https:\/\/api.w.org\/{rel}","templated":true}]}}