{"id":93910,"date":"2025-10-07T07:59:25","date_gmt":"2025-10-07T13:59:25","guid":{"rendered":"https:\/\/elinformante.mx\/?p=93910"},"modified":"2025-10-07T07:59:34","modified_gmt":"2025-10-07T13:59:34","slug":"registro-al-sistema-de-salud-nacional-iniciara-en-2026-sheinbaum","status":"publish","type":"post","link":"https:\/\/elinformante.mx\/?p=93910","title":{"rendered":"Registro al Sistema de Salud Nacional iniciar\u00e1 en 2026: Sheinbaum"},"content":{"rendered":"\n<figure class=\"wp-block-pullquote\"><blockquote><p>El objetivo es generar un esquema para que a partir del 2027, una buena parte de las enfermedades ya no dependa de si eres beneficiario del alguna instituci\u00f3n.<\/p><\/blockquote><\/figure>\n\n\n\n<p class=\"has-drop-cap\">Durante la conferencia de prensa: \u201cLas ma\u00f1aneras del pueblo\u201d, la Presidenta de M\u00e9xico, Claudia Sheinbaum Pardo, anunci\u00f3 que, a partir de enero 2026, iniciar\u00e1 el registro al Sistema de Salud Nacional con el objetivo de que, en 2027, se genere un esquema que permita atender una buena parte de las enfermedades en cualquiera de las instituciones de salud p\u00fablica del Gobierno de M\u00e9xico.<br><\/p>\n\n\n\n<p>\u201cEn enero del pr\u00f3ximo a\u00f1o vamos a iniciar la inscripci\u00f3n, el registro, todo mexicano y mexicana va a tener un registro al Sistema de Salud Nacional. Todos van a tener una credencial, si son del ISSSTE, si son del IMSS Bienestar, de acuerdo con lo que ellos nos digan o, con lo que cada persona diga, para ver si se puede compartir su historial m\u00e9dico entre las tres instituciones.<br><\/p>\n\n\n\n<p>Afirm\u00f3 que el objetivo es generar un esquema para que, a partir del 2027, una buena parte de las enfermedades ya no dependa de si eres beneficiario del ISSSTE, del IMSS Bienestar o del IMSS, puedas atenderte en cualquiera de las instituciones de salud p\u00fablica, explic\u00f3.<br><\/p>\n\n\n\n<p>La Jefa del Ejecutivo Federal record\u00f3 que el pr\u00f3ximo a\u00f1o se fortalecer\u00e1 al Instituto Mexicano del Seguro Social (IMSS), al Instituto de Seguridad y Servicios Sociales de los Trabajadores del Estado (ISSSTE) y al IMSS Bienestar.<\/p>\n","protected":false},"excerpt":{"rendered":"<p>El objetivo es generar un esquema para que a partir del 2027, una buena parte de las enfermedades ya no dependa de si eres beneficiario del alguna instituci\u00f3n. Durante la conferencia de prensa: \u201cLas ma\u00f1aneras del pueblo\u201d, la Presidenta de M\u00e9xico, Claudia Sheinbaum Pardo, anunci\u00f3 que, a partir de enero 2026, iniciar\u00e1 el registro al [&hellip;]<\/p>\n","protected":false},"author":1,"featured_media":93911,"comment_status":"closed","ping_status":"closed","sticky":false,"template":"","format":"standard","meta":{"footnotes":""},"categories":[30,34,31],"tags":[],"class_list":["post-93910","post","type-post","status-publish","format-standard","has-post-thumbnail","hentry","category-destacado","category-nacional","category-portada"],"_links":{"self":[{"href":"https:\/\/elinformante.mx\/index.php?rest_route=\/wp\/v2\/posts\/93910","targetHints":{"allow":["GET"]}}],"collection":[{"href":"https:\/\/elinformante.mx\/index.php?rest_route=\/wp\/v2\/posts"}],"about":[{"href":"https:\/\/elinformante.mx\/index.php?rest_route=\/wp\/v2\/types\/post"}],"author":[{"embeddable":true,"href":"https:\/\/elinformante.mx\/index.php?rest_route=\/wp\/v2\/users\/1"}],"replies":[{"embeddable":true,"href":"https:\/\/elinformante.mx\/index.php?rest_route=%2Fwp%2Fv2%2Fcomments&post=93910"}],"version-history":[{"count":0,"href":"https:\/\/elinformante.mx\/index.php?rest_route=\/wp\/v2\/posts\/93910\/revisions"}],"wp:featuredmedia":[{"embeddable":true,"href":"https:\/\/elinformante.mx\/index.php?rest_route=\/wp\/v2\/media\/93911"}],"wp:attachment":[{"href":"https:\/\/elinformante.mx\/index.php?rest_route=%2Fwp%2Fv2%2Fmedia&parent=93910"}],"wp:term":[{"taxonomy":"category","embeddable":true,"href":"https:\/\/elinformante.mx\/index.php?rest_route=%2Fwp%2Fv2%2Fcategories&post=93910"},{"taxonomy":"post_tag","embeddable":true,"href":"https:\/\/elinformante.mx\/index.php?rest_route=%2Fwp%2Fv2%2Ftags&post=93910"}],"curies":[{"name":"wp","href":"https:\/\/api.w.org\/{rel}","templated":true}]}}