{"id":93923,"date":"2025-10-08T05:55:27","date_gmt":"2025-10-08T11:55:27","guid":{"rendered":"https:\/\/elinformante.mx\/?p=93923"},"modified":"2025-10-08T05:55:30","modified_gmt":"2025-10-08T11:55:30","slug":"regresa-super-junior-a-mexico-tendra-conciertos-en-cdmx-y-monterrey","status":"publish","type":"post","link":"https:\/\/elinformante.mx\/?p=93923","title":{"rendered":"Regresa Super Junior a M\u00e9xico; tendr\u00e1 conciertos en CDMX y Monterrey"},"content":{"rendered":"\n<figure class=\"wp-block-pullquote\"><blockquote><p>La gira mundial de Super Junior contempla dos presentaciones en el marco del vig\u00e9simo aniversario de la banda surcoreana.<\/p><\/blockquote><\/figure>\n\n\n\n<p class=\"has-drop-cap\">La agrupaci\u00f3n surcoreana, Super Junior, es una de las bandas m\u00e1s influyentes del K-pop y pionera en la expansi\u00f3n del g\u00e9nero fuera de Asia. El grupo fue creado por la agencia SM Entertainment y su popularidad los llev\u00f3 a ser reconocidos en diferentes mercados internacionales, incluyendo Latinoam\u00e9rica.<br><\/p>\n\n\n\n<p>En M\u00e9xico y en Am\u00e9rica Latina en general, Super Junior mantiene una relaci\u00f3n cercana con su base de seguidores, conocidos como ELF. Su primera visita al pa\u00eds tuvo lugar en 2013 y desde entonces han realizado conciertos multitudinarios y participan en actividades promocionales que consolidaron su presencia en la regi\u00f3n.<br><\/p>\n\n\n\n<p>Su regreso en 2025 incluir\u00e1 dos fechas clave: una el 12 de octubre en el Palacio de los Deportes en la Ciudad de M\u00e9xico y otra el 14 de octubre en el Auditorio Banamex en Monterrey.<br><\/p>\n\n\n\n<p>La gira por Latinoam\u00e9rica para celebrar su vig\u00e9simo aniversario contempla, adem\u00e1s de M\u00e9xico, presentaciones en Lima y Santiago de Chile.<br><\/p>\n\n\n\n<p>La alineaci\u00f3n actual de Super Junior est\u00e1 integrada por: Leeteuk, Kim Heechul, Yesung, Shindong, Eunhyuk, Donghae, Choi Siwon, Ryeowook y Kyuhyun.<br><\/p>\n\n\n\n<p>Super Junior ha colaborado con artistas latinoamericanos, como Leslie Grace y la banda mexicana Reik, lo que reforz\u00f3 su alcance en el mercado hispanoparlante.<br><\/p>\n\n\n\n<p>En sus \u00faltimos conciertos, el grupo de K-pop ha ofrecido repertorios que mezclan sus grandes \u00e9xitos con algunos lanzamientos recientes y momentos especiales dedicados a los fans. Temas como \u201cMr. Simple\u201d, \u201cBonamana\u201d, \u201cSorry, Sorry\u201d y \u201cMamacita\u201d suelen figurar entre las m\u00e1s esperadas, junto a piezas m\u00e1s nuevas y versiones especiales que resumen dos d\u00e9cadas de historia musical.<br><\/p>\n\n\n\n<p>M\u00e9xico se consolida como uno de los mercados m\u00e1s importantes para el K-pop en Am\u00e9rica Latina, tanto por la magnitud del p\u00fablico como por la intensidad del v\u00ednculo con los artistas coreanos. El regreso de Super Junior y el repertorio elegido marcan la expectativa que rodea sus conciertos programados para octubre.<\/p>\n","protected":false},"excerpt":{"rendered":"<p>La gira mundial de Super Junior contempla dos presentaciones en el marco del vig\u00e9simo aniversario de la banda surcoreana. La agrupaci\u00f3n surcoreana, Super Junior, es una de las bandas m\u00e1s influyentes del K-pop y pionera en la expansi\u00f3n del g\u00e9nero fuera de Asia. El grupo fue creado por la agencia SM Entertainment y su popularidad [&hellip;]<\/p>\n","protected":false},"author":1,"featured_media":93924,"comment_status":"closed","ping_status":"closed","sticky":false,"template":"","format":"standard","meta":{"footnotes":""},"categories":[39],"tags":[],"class_list":["post-93923","post","type-post","status-publish","format-standard","has-post-thumbnail","hentry","category-espectaculos"],"_links":{"self":[{"href":"https:\/\/elinformante.mx\/index.php?rest_route=\/wp\/v2\/posts\/93923","targetHints":{"allow":["GET"]}}],"collection":[{"href":"https:\/\/elinformante.mx\/index.php?rest_route=\/wp\/v2\/posts"}],"about":[{"href":"https:\/\/elinformante.mx\/index.php?rest_route=\/wp\/v2\/types\/post"}],"author":[{"embeddable":true,"href":"https:\/\/elinformante.mx\/index.php?rest_route=\/wp\/v2\/users\/1"}],"replies":[{"embeddable":true,"href":"https:\/\/elinformante.mx\/index.php?rest_route=%2Fwp%2Fv2%2Fcomments&post=93923"}],"version-history":[{"count":0,"href":"https:\/\/elinformante.mx\/index.php?rest_route=\/wp\/v2\/posts\/93923\/revisions"}],"wp:featuredmedia":[{"embeddable":true,"href":"https:\/\/elinformante.mx\/index.php?rest_route=\/wp\/v2\/media\/93924"}],"wp:attachment":[{"href":"https:\/\/elinformante.mx\/index.php?rest_route=%2Fwp%2Fv2%2Fmedia&parent=93923"}],"wp:term":[{"taxonomy":"category","embeddable":true,"href":"https:\/\/elinformante.mx\/index.php?rest_route=%2Fwp%2Fv2%2Fcategories&post=93923"},{"taxonomy":"post_tag","embeddable":true,"href":"https:\/\/elinformante.mx\/index.php?rest_route=%2Fwp%2Fv2%2Ftags&post=93923"}],"curies":[{"name":"wp","href":"https:\/\/api.w.org\/{rel}","templated":true}]}}