{"id":93925,"date":"2025-10-08T05:59:21","date_gmt":"2025-10-08T11:59:21","guid":{"rendered":"https:\/\/elinformante.mx\/?p=93925"},"modified":"2025-10-08T05:59:25","modified_gmt":"2025-10-08T11:59:25","slug":"deslumbra-ale-capetillo-en-paris-con-look-inspirado-en-su-mama","status":"publish","type":"post","link":"https:\/\/elinformante.mx\/?p=93925","title":{"rendered":"Deslumbra Ale Capetillo en Par\u00eds con look inspirado en su mam\u00e1"},"content":{"rendered":"\n<figure class=\"wp-block-pullquote\"><blockquote><p>La hija de Biby Gayt\u00e1n deslumbr\u00f3 en la Semana de la Moda de Par\u00eds con un look inspirado en su madre.<\/p><\/blockquote><\/figure>\n\n\n\n<p class=\"has-drop-cap\">Ale Capetillo, hija de los actores y cantantes Biby Gayt\u00e1n y Eduardo Capetillo, vivi\u00f3 un momento muy especial durante su primera participaci\u00f3n en la Semana de la Moda de Par\u00eds 2025.<br><\/p>\n\n\n\n<p>La joven influencer y modelo mexicana, quien ha comenzado a labrar su propio camino en el mundo de la moda, asisti\u00f3 al desfile de Zimmermann con un look que conmovi\u00f3 a sus seguidores por el hermoso homenaje que rindi\u00f3 a su madre.<br><\/p>\n\n\n\n<p>Mediante un video publicado en su cuenta de Instagram, Ale comparti\u00f3 el proceso de preparaci\u00f3n para el evento, revelando que tanto ella como su estilista, Miguel Bling, se inspiraron en uno de los peinados m\u00e1s ic\u00f3nicos de Biby Gayt\u00e1n.<br><\/p>\n\n\n\n<p>El reel estuvo acompa\u00f1ado por la canci\u00f3n \u201cSue\u00f1o de mujer\u201d, interpretada por su madre, y la publicaci\u00f3n se llen\u00f3 de comentarios llenos de cari\u00f1o y nostalgia.<br><\/p>\n\n\n\n<p>El resultado fue impecable: Ale Capetillo luci\u00f3 un cabello liso con una trenza cruzada tipo diadema, exactamente igual al peinado que Biby populariz\u00f3 en los a\u00f1os noventa. El homenaje no solo fue un gui\u00f1o est\u00e9tico, sino tambi\u00e9n un s\u00edmbolo de conexi\u00f3n emocional y orgullo familiar.<br><\/p>\n\n\n\n<p>Ale visti\u00f3 un elegante vestido de la firma Zimmermann, acompa\u00f1ado de tacones de la misma marca y una bolsa de Aquazzura, completando un vestido rom\u00e1ntico y sofisticado que se integr\u00f3 a la perfecci\u00f3n con la est\u00e9tica del desfile.<br><\/p>\n\n\n\n<p>Los comentarios en redes sociales no tardaron en llegar, destacando el parecido entre madre e hija.<br><\/p>\n\n\n\n<p>La Semana de la Moda de Par\u00eds, celebrada del 29 de septiembre al 7 de octubre, present\u00f3 las colecciones pr\u00eat-\u00e0-porter Primavera-Verano 2026 de las casas m\u00e1s prestigiosas. Entre ellas, Zimmermann brill\u00f3 por su propuesta et\u00e9rea, rom\u00e1ntica y contempor\u00e1nea, con piezas que celebran la dualidad entre lo delicado y lo poderoso.<br><\/p>\n\n\n\n<p>La colecci\u00f3n se distingui\u00f3 por una paleta crom\u00e1tica que inclu\u00eda rosas empolvados, lilas suaves, amarillos miel y azules cer\u00faleos, combinados con detalles met\u00e1licos y texturas sedosas.<br><\/p>\n\n\n\n<p>Ale Capetillo tambi\u00e9n fue vista en el desfile de Lacoste, celebrado en el Lyc\u00e9e Carnot. Para esta ocasi\u00f3n, opt\u00f3 por un look inspirado en la tendencia \u201ctenniscore\u201d, caracterizada por su elegancia deportiva y minimalismo refinado.<br><\/p>\n\n\n\n<p>Su peinado tambi\u00e9n rob\u00f3 miradas: dos trenzas bajas dobladas y sujetas con mo\u00f1os negros, logrando un efecto cl\u00e1sico y juvenil al mismo tiempo. El resultado fue un look pulido, moderno y fresco, ideal para la tem\u00e1tica del desfile.<br><\/p>\n\n\n\n<p>La colecci\u00f3n de Lacoste Primavera-Verano 2026, bajo la direcci\u00f3n creativa de Pelagia Kolotouros, explor\u00f3 el concepto \u201cThe Locker Room\u201d, con prendas que reinterpretan la est\u00e9tica deportiva de la marca.<br><\/p>\n\n\n\n<p>La presencia de Ale Capetillo en la capital de la moda no pas\u00f3 desapercibida. En cada aparici\u00f3n, Ale confirm\u00f3 que la elegancia, el carisma y el talento son parte de su herencia, pero tambi\u00e9n de su esfuerzo por dejar huella en el mundo de la moda internacional.<\/p>\n","protected":false},"excerpt":{"rendered":"<p>La hija de Biby Gayt\u00e1n deslumbr\u00f3 en la Semana de la Moda de Par\u00eds con un look inspirado en su madre. Ale Capetillo, hija de los actores y cantantes Biby Gayt\u00e1n y Eduardo Capetillo, vivi\u00f3 un momento muy especial durante su primera participaci\u00f3n en la Semana de la Moda de Par\u00eds 2025. La joven influencer [&hellip;]<\/p>\n","protected":false},"author":1,"featured_media":93926,"comment_status":"closed","ping_status":"closed","sticky":false,"template":"","format":"standard","meta":{"footnotes":""},"categories":[30,39],"tags":[],"class_list":["post-93925","post","type-post","status-publish","format-standard","has-post-thumbnail","hentry","category-destacado","category-espectaculos"],"_links":{"self":[{"href":"https:\/\/elinformante.mx\/index.php?rest_route=\/wp\/v2\/posts\/93925","targetHints":{"allow":["GET"]}}],"collection":[{"href":"https:\/\/elinformante.mx\/index.php?rest_route=\/wp\/v2\/posts"}],"about":[{"href":"https:\/\/elinformante.mx\/index.php?rest_route=\/wp\/v2\/types\/post"}],"author":[{"embeddable":true,"href":"https:\/\/elinformante.mx\/index.php?rest_route=\/wp\/v2\/users\/1"}],"replies":[{"embeddable":true,"href":"https:\/\/elinformante.mx\/index.php?rest_route=%2Fwp%2Fv2%2Fcomments&post=93925"}],"version-history":[{"count":0,"href":"https:\/\/elinformante.mx\/index.php?rest_route=\/wp\/v2\/posts\/93925\/revisions"}],"wp:featuredmedia":[{"embeddable":true,"href":"https:\/\/elinformante.mx\/index.php?rest_route=\/wp\/v2\/media\/93926"}],"wp:attachment":[{"href":"https:\/\/elinformante.mx\/index.php?rest_route=%2Fwp%2Fv2%2Fmedia&parent=93925"}],"wp:term":[{"taxonomy":"category","embeddable":true,"href":"https:\/\/elinformante.mx\/index.php?rest_route=%2Fwp%2Fv2%2Fcategories&post=93925"},{"taxonomy":"post_tag","embeddable":true,"href":"https:\/\/elinformante.mx\/index.php?rest_route=%2Fwp%2Fv2%2Ftags&post=93925"}],"curies":[{"name":"wp","href":"https:\/\/api.w.org\/{rel}","templated":true}]}}