{"id":93933,"date":"2025-10-08T06:07:29","date_gmt":"2025-10-08T12:07:29","guid":{"rendered":"https:\/\/elinformante.mx\/?p=93933"},"modified":"2025-10-08T06:07:34","modified_gmt":"2025-10-08T12:07:34","slug":"se-deben-implementar-jueces-especializados-en-adopciones-en-todo-el-pais-enrique-vargas","status":"publish","type":"post","link":"https:\/\/elinformante.mx\/?p=93933","title":{"rendered":"Se deben implementar jueces especializados en adopciones en todo el pa\u00eds: Enrique Vargas"},"content":{"rendered":"\n<figure class=\"wp-block-pullquote\"><blockquote><p>-El senado explic\u00f3 que, con esta iniciativa de reforma, tambi\u00e9n se busca que los procesos de adopci\u00f3n sean m\u00e1s expeditos, favoreciendo que los menores en desamparo puedan encontrar una familia<\/p><\/blockquote><\/figure>\n\n\n\n<p class=\"has-drop-cap\">El vicecoordinador del Grupo Parlamentario del Partido Acci\u00f3n Nacional (PAN) en el Senado de la Rep\u00fablica, Enrique Vargas del Villar, present\u00f3 una iniciativa de ley para reformar la Ley General de los Derechos de las Ni\u00f1as, Ni\u00f1os y Adolescentes con el objetivo de continuar salvaguardando los derechos de las ni\u00f1as, ni\u00f1os y adolescentes, en especial, el derecho a vivir en familia.<br><\/p>\n\n\n\n<p>Unos de los objetivos, es que todas las entidades federativas del pa\u00eds cuenten con Juzgados Especializados en Adopciones, con el fin de garantizar procesos expeditos y, de esta manera, favorecer la atenci\u00f3n de menores de edad en desamparo.<br><\/p>\n\n\n\n<p>Vargas explic\u00f3 que el prop\u00f3sito de la iniciativa consiste en evitar la sobrecarga que los Juzgados de lo Familiar para atender estos asuntos, lo que ha ocasionado periodos de resoluci\u00f3n muy largos que dejan en incertidumbre la vida de menores en desamparo, adem\u00e1s de que esto favorecer\u00e1 una preparaci\u00f3n m\u00e1s especializada de los jueces para dar seguimiento a este tipo de casos, sin afectar los derechos de estos.<br><\/p>\n\n\n\n<p>Vargas del Villar mencion\u00f3 que, de acuerdo con datos del Sistema Nacional para el Desarrollo Integral de la Familia (DIF), en M\u00e9xico, existen m\u00e1s de 30 mil ni\u00f1as, ni\u00f1os y adolescentes en centros de asistencia social, p\u00fablicos y privados, esperando encontrar una familia.<br><\/p>\n\n\n\n<p>Pero, se\u00f1al\u00f3 que entre el periodo de 2014 a 2024, de 754 solicitudes de adopci\u00f3n que recibi\u00f3 este organismo asistencial, solo 19.5% fueron concluidos, por lo que existe un rezago significativo en este \u00e1mbito que vulnera a los menores.<br><\/p>\n\n\n\n<p>Vargas afirm\u00f3 que uno de los mayores problemas que se presentan es la burocracia y procesos legales extenuantes pueden tardar a\u00f1os en poder concretarse, debido a la saturaci\u00f3n de los sistemas judiciales en nuestro pa\u00eds, adem\u00e1s de que, en muchas ocasiones, no se cuenta con personal capacitado que ejerza sus atribuciones, velando por el inter\u00e9s superior de las infancias y adolescencias, acot\u00f3.<br><\/p>\n\n\n\n<p>El senador panista propuso que, de aprobarse dicha iniciativa, los jueces especializados dispondr\u00e1n de 90 d\u00edas h\u00e1biles improrrogables para emitir una sentencia sobre la patria potestad de menores de edad en juicios de este tipo; periodo que ser\u00e1 contado a partir del d\u00eda siguiente de la presentaci\u00f3n de la demanda, con lo que se atiende una petici\u00f3n hist\u00f3rica con los tutores interesados en adoptar y a los menores se les garantiza un proceso para restituirles los derechos a vivir en familia y a recibir una formaci\u00f3n y protecci\u00f3n de quien ejerza su tutela, guarda o custodia.<br><\/p>\n\n\n\n<p>Agreg\u00f3 que, de esta manera, tambi\u00e9n se les permite que se desarrollen de forma integral y con una vida digna, al contar con condiciones afectivas y materiales que les permitan vivir plenamente, tal y como se ha previsto en la Convenci\u00f3n sobre los Derechos del Ni\u00f1o.<br><\/p>\n\n\n\n<p>Vargas tambi\u00e9n propuso reformas a la Ley de Asistencia Social y a la Ley General de los Derechos de las Ni\u00f1as, Ni\u00f1os y Adolescentes, a efecto de que se otorguen medidas especiales de protecci\u00f3n a estos sectores que se encuentren en desamparo familiar, para que el Estado sea un verdadero promotor de la adopci\u00f3n como un mecanismo de restituci\u00f3n de quienes han sido privados del cuidado parental.<\/p>\n","protected":false},"excerpt":{"rendered":"<p>-El senado explic\u00f3 que, con esta iniciativa de reforma, tambi\u00e9n se busca que los procesos de adopci\u00f3n sean m\u00e1s expeditos, favoreciendo que los menores en desamparo puedan encontrar una familia El vicecoordinador del Grupo Parlamentario del Partido Acci\u00f3n Nacional (PAN) en el Senado de la Rep\u00fablica, Enrique Vargas del Villar, present\u00f3 una iniciativa de ley [&hellip;]<\/p>\n","protected":false},"author":1,"featured_media":93934,"comment_status":"closed","ping_status":"closed","sticky":false,"template":"","format":"standard","meta":{"footnotes":""},"categories":[36],"tags":[],"class_list":["post-93933","post","type-post","status-publish","format-standard","has-post-thumbnail","hentry","category-edomex"],"_links":{"self":[{"href":"https:\/\/elinformante.mx\/index.php?rest_route=\/wp\/v2\/posts\/93933","targetHints":{"allow":["GET"]}}],"collection":[{"href":"https:\/\/elinformante.mx\/index.php?rest_route=\/wp\/v2\/posts"}],"about":[{"href":"https:\/\/elinformante.mx\/index.php?rest_route=\/wp\/v2\/types\/post"}],"author":[{"embeddable":true,"href":"https:\/\/elinformante.mx\/index.php?rest_route=\/wp\/v2\/users\/1"}],"replies":[{"embeddable":true,"href":"https:\/\/elinformante.mx\/index.php?rest_route=%2Fwp%2Fv2%2Fcomments&post=93933"}],"version-history":[{"count":0,"href":"https:\/\/elinformante.mx\/index.php?rest_route=\/wp\/v2\/posts\/93933\/revisions"}],"wp:featuredmedia":[{"embeddable":true,"href":"https:\/\/elinformante.mx\/index.php?rest_route=\/wp\/v2\/media\/93934"}],"wp:attachment":[{"href":"https:\/\/elinformante.mx\/index.php?rest_route=%2Fwp%2Fv2%2Fmedia&parent=93933"}],"wp:term":[{"taxonomy":"category","embeddable":true,"href":"https:\/\/elinformante.mx\/index.php?rest_route=%2Fwp%2Fv2%2Fcategories&post=93933"},{"taxonomy":"post_tag","embeddable":true,"href":"https:\/\/elinformante.mx\/index.php?rest_route=%2Fwp%2Fv2%2Ftags&post=93933"}],"curies":[{"name":"wp","href":"https:\/\/api.w.org\/{rel}","templated":true}]}}