{"id":93954,"date":"2025-10-08T06:45:49","date_gmt":"2025-10-08T12:45:49","guid":{"rendered":"https:\/\/elinformante.mx\/?p=93954"},"modified":"2025-10-08T06:45:54","modified_gmt":"2025-10-08T12:45:54","slug":"delfina-gomez-reconoce-labor-del-teem-en-favor-de-la-vida-democratica-de-las-y-los-mexiquenses","status":"publish","type":"post","link":"https:\/\/elinformante.mx\/?p=93954","title":{"rendered":"Delfina G\u00f3mez reconoce labor del TEEM en favor de la vida democr\u00e1tica de las y los mexiquenses"},"content":{"rendered":"\n<figure class=\"wp-block-pullquote\"><blockquote><p>-En su Segundo Informe de Actividades y Conclusi\u00f3n de Presidencia 2023-2025, la Magistrada Presidenta Martha Patricia Tovar Pescador destac\u00f3 los avances del Tribunal en igualdad, no discriminaci\u00f3n y cercan\u00eda ciudadana.<\/p><\/blockquote><\/figure>\n\n\n\n<p class=\"has-drop-cap\">La Gobernadora Delfina G\u00f3mez \u00c1lvarez reconoci\u00f3 el trabajo del Tribunal Electoral del Estado de M\u00e9xico (TEEM) en favor de la vida democr\u00e1tica de las y los mexiquenses, as\u00ed como el liderazgo de su Magistrada Presidenta, Martha Patricia Tovar Pescador, quien present\u00f3 su Segundo Informe de Actividades y Conclusi\u00f3n de Presidencia 2023-2025.<br><\/p>\n\n\n\n<p>\u201cMi agradecimiento a todas y todos los que integran este Tribunal. El trabajo no lo hace una sola persona, sino la suma del esfuerzo, el compromiso y la vocaci\u00f3n de quienes forman parte de este gran equipo\u201d, expres\u00f3 la Gobernadora Delfina G\u00f3mez.<br><\/p>\n\n\n\n<p>Durante su informe, Martha Patricia Tovar Pescador subray\u00f3 que en el periodo 2023-2025 el TEEM enfrent\u00f3 un hecho hist\u00f3rico con la elecci\u00f3n de integrantes del Poder Judicial, sentando bases para futuros procesos.<br><\/p>\n\n\n\n<p>Asimismo, inform\u00f3 que el Tribunal se consolid\u00f3 como un espacio laboral libre de discriminaci\u00f3n y con igualdad sustantiva, al obtener la Insignia Naranja otorgada por la Secretar\u00eda de las Mujeres, la Secretar\u00eda del Trabajo y la Secretar\u00eda de Desarrollo Econ\u00f3mico del Estado de M\u00e9xico.<br><\/p>\n\n\n\n<p>La Magistrada destac\u00f3 que la Secretar\u00eda General de Acuerdos recibi\u00f3 m\u00e1s de mil 500 asuntos, resueltos con apego a la ley; adem\u00e1s, se impartieron m\u00e1s de 40 capacitaciones en temas de g\u00e9nero, derecho constitucional, derecho electoral e igualdad laboral. Tambi\u00e9n se inaugur\u00f3 un consultorio m\u00e9dico en convenio con el ISSEMyM, para brindar atenci\u00f3n a personal del Tribunal.<br><\/p>\n\n\n\n<p>Finalmente, la Gobernadora Delfina G\u00f3mez exhort\u00f3 a las y los integrantes del TEEM a seguir trabajando con compromiso y convicci\u00f3n en la defensa de los derechos pol\u00edtico-electorales de la ciudadan\u00eda para fortalecer la confianza en las instituciones democr\u00e1ticas del Estado de M\u00e9xico.<\/p>\n","protected":false},"excerpt":{"rendered":"<p>-En su Segundo Informe de Actividades y Conclusi\u00f3n de Presidencia 2023-2025, la Magistrada Presidenta Martha Patricia Tovar Pescador destac\u00f3 los avances del Tribunal en igualdad, no discriminaci\u00f3n y cercan\u00eda ciudadana. La Gobernadora Delfina G\u00f3mez \u00c1lvarez reconoci\u00f3 el trabajo del Tribunal Electoral del Estado de M\u00e9xico (TEEM) en favor de la vida democr\u00e1tica de las y [&hellip;]<\/p>\n","protected":false},"author":1,"featured_media":93955,"comment_status":"closed","ping_status":"closed","sticky":false,"template":"","format":"standard","meta":{"footnotes":""},"categories":[30,36,31],"tags":[],"class_list":["post-93954","post","type-post","status-publish","format-standard","has-post-thumbnail","hentry","category-destacado","category-edomex","category-portada"],"_links":{"self":[{"href":"https:\/\/elinformante.mx\/index.php?rest_route=\/wp\/v2\/posts\/93954","targetHints":{"allow":["GET"]}}],"collection":[{"href":"https:\/\/elinformante.mx\/index.php?rest_route=\/wp\/v2\/posts"}],"about":[{"href":"https:\/\/elinformante.mx\/index.php?rest_route=\/wp\/v2\/types\/post"}],"author":[{"embeddable":true,"href":"https:\/\/elinformante.mx\/index.php?rest_route=\/wp\/v2\/users\/1"}],"replies":[{"embeddable":true,"href":"https:\/\/elinformante.mx\/index.php?rest_route=%2Fwp%2Fv2%2Fcomments&post=93954"}],"version-history":[{"count":0,"href":"https:\/\/elinformante.mx\/index.php?rest_route=\/wp\/v2\/posts\/93954\/revisions"}],"wp:featuredmedia":[{"embeddable":true,"href":"https:\/\/elinformante.mx\/index.php?rest_route=\/wp\/v2\/media\/93955"}],"wp:attachment":[{"href":"https:\/\/elinformante.mx\/index.php?rest_route=%2Fwp%2Fv2%2Fmedia&parent=93954"}],"wp:term":[{"taxonomy":"category","embeddable":true,"href":"https:\/\/elinformante.mx\/index.php?rest_route=%2Fwp%2Fv2%2Fcategories&post=93954"},{"taxonomy":"post_tag","embeddable":true,"href":"https:\/\/elinformante.mx\/index.php?rest_route=%2Fwp%2Fv2%2Ftags&post=93954"}],"curies":[{"name":"wp","href":"https:\/\/api.w.org\/{rel}","templated":true}]}}