{"id":93956,"date":"2025-10-08T06:54:04","date_gmt":"2025-10-08T12:54:04","guid":{"rendered":"https:\/\/elinformante.mx\/?p=93956"},"modified":"2025-10-08T06:54:09","modified_gmt":"2025-10-08T12:54:09","slug":"el-edomex-tiene-rumbo-y-liderazgo-encabezado-por-un-gobierno-de-territorio-y-resultados-horacio-duarte","status":"publish","type":"post","link":"https:\/\/elinformante.mx\/?p=93956","title":{"rendered":"\u201cEl Edom\u00e9x tiene rumbo y liderazgo encabezado por un gobierno de territorio y resultados\u201d: Horacio Duarte"},"content":{"rendered":"\n<figure class=\"wp-block-pullquote\"><blockquote><p>-El Secretario General de Gobierno destac\u00f3 el liderazgo de la Presidenta Claudia Sheinbaum y de la Gobernadora Delfina G\u00f3mez en la consolidaci\u00f3n de la Cuarta Transformaci\u00f3n.<br>-Duarte Olivares reafirm\u00f3 que en el Estado de M\u00e9xico hay un solo equipo: el de la Gobernadora Delfina G\u00f3mez.<br>-Subray\u00f3 los avances en pol\u00edtica social, salud, educaci\u00f3n, movilidad, econom\u00eda y seguridad.<\/p><\/blockquote><\/figure>\n\n\n\n<p class=\"has-drop-cap\">Durante su comparecencia ante la LXII Legislatura mexiquense, el Secretario General de Gobierno, Horacio Duarte Olivares, afirm\u00f3 que la gobernabilidad es el eje que sostiene la transformaci\u00f3n del Estado de M\u00e9xico, y que el trabajo conjunto con la Presidenta Claudia Sheinbaum y la Gobernadora Delfina G\u00f3mez \u00c1lvarez ha permitido mantener estabilidad pol\u00edtica, coordinaci\u00f3n institucional y resultados tangibles para la ciudadan\u00eda.<br><\/p>\n\n\n\n<p>Reiter\u00f3 que la Cuarta Transformaci\u00f3n no es un proyecto de sexenio, sino un proceso hist\u00f3rico que requiere continuidad, disciplina y visi\u00f3n de Estado. Por ello, llam\u00f3 a cerrar filas, sin protagonismos ni divisiones, por el proyecto hist\u00f3rico que se trabaja en el Estado de M\u00e9xico y el pa\u00eds, que es m\u00e1s grande que cualquier aspiraci\u00f3n personal.<br><\/p>\n\n\n\n<figure class=\"wp-block-image size-large\"><img fetchpriority=\"high\" decoding=\"async\" width=\"1024\" height=\"506\" src=\"https:\/\/elinformante.mx\/wp-content\/uploads\/2025\/10\/8HORACIO-4-1024x506.jpg\" alt=\"\" class=\"wp-image-93958\" srcset=\"https:\/\/elinformante.mx\/wp-content\/uploads\/2025\/10\/8HORACIO-4-1024x506.jpg 1024w, https:\/\/elinformante.mx\/wp-content\/uploads\/2025\/10\/8HORACIO-4-300x148.jpg 300w, https:\/\/elinformante.mx\/wp-content\/uploads\/2025\/10\/8HORACIO-4-768x379.jpg 768w, https:\/\/elinformante.mx\/wp-content\/uploads\/2025\/10\/8HORACIO-4.jpg 1140w\" sizes=\"(max-width: 1024px) 100vw, 1024px\" \/><\/figure>\n\n\n\n<p>En pol\u00edtica social, enfatiz\u00f3 que uno de cada dos hogares mexiquenses recibe apoyos directos de programas estatales y que 650 mil mujeres son beneficiarias de Mujeres con Bienestar, reflejo de un gobierno que pone en el centro a las personas.<br><\/p>\n\n\n\n<p>En salud, inform\u00f3 que se han brindado m\u00e1s de 9 millones de consultas m\u00e9dicas, rehabilitado cl\u00ednicas y hospitales, y fortalecido el sistema educativo con becas, infraestructura y equipamiento.<br><\/p>\n\n\n\n<figure class=\"wp-block-image size-large\"><img decoding=\"async\" width=\"1024\" height=\"506\" src=\"https:\/\/elinformante.mx\/wp-content\/uploads\/2025\/10\/8HORACIO-3-1024x506.jpg\" alt=\"\" class=\"wp-image-93959\" srcset=\"https:\/\/elinformante.mx\/wp-content\/uploads\/2025\/10\/8HORACIO-3-1024x506.jpg 1024w, https:\/\/elinformante.mx\/wp-content\/uploads\/2025\/10\/8HORACIO-3-300x148.jpg 300w, https:\/\/elinformante.mx\/wp-content\/uploads\/2025\/10\/8HORACIO-3-768x379.jpg 768w, https:\/\/elinformante.mx\/wp-content\/uploads\/2025\/10\/8HORACIO-3.jpg 1140w\" sizes=\"(max-width: 1024px) 100vw, 1024px\" \/><\/figure>\n\n\n\n<p>En materia econ\u00f3mica y de movilidad, destac\u00f3 inversiones por m\u00e1s de 216 mil millones de pesos, que han hecho del Estado de M\u00e9xico el primer generador de empleos formales del pa\u00eds, adem\u00e1s del incremento de viajes del Mexib\u00fas (18.6%) y del Mexicable (49.5%), as\u00ed como la ejecuci\u00f3n del Plan Integral del Oriente, que beneficiar\u00e1 a m\u00e1s de 10 millones de personas en 10 municipios con 121 l\u00edneas de acci\u00f3n en infraestructura social, vivienda, educaci\u00f3n y salud.<br><\/p>\n\n\n\n<p>El Secretario General de Gobierno se\u00f1al\u00f3 que la gobernabilidad se construye con di\u00e1logo, coordinaci\u00f3n y presencia institucional, mediante la atenci\u00f3n directa en los municipios, y en coordinaci\u00f3n con los tres \u00f3rdenes de gobierno.<br><\/p>\n\n\n\n<figure class=\"wp-block-image size-large\"><img decoding=\"async\" width=\"1024\" height=\"506\" src=\"https:\/\/elinformante.mx\/wp-content\/uploads\/2025\/10\/8HORACIO-2-1024x506.jpg\" alt=\"\" class=\"wp-image-93960\" srcset=\"https:\/\/elinformante.mx\/wp-content\/uploads\/2025\/10\/8HORACIO-2-1024x506.jpg 1024w, https:\/\/elinformante.mx\/wp-content\/uploads\/2025\/10\/8HORACIO-2-300x148.jpg 300w, https:\/\/elinformante.mx\/wp-content\/uploads\/2025\/10\/8HORACIO-2-768x379.jpg 768w, https:\/\/elinformante.mx\/wp-content\/uploads\/2025\/10\/8HORACIO-2.jpg 1140w\" sizes=\"(max-width: 1024px) 100vw, 1024px\" \/><\/figure>\n\n\n\n<p>Destac\u00f3 que una de cada dos familias mexiquenses recibe al menos un programa social estatal, lo que demuestra el alcance y la eficacia de la pol\u00edtica social impulsada por la Gobernadora Delfina G\u00f3mez \u00c1lvarez.<br><\/p>\n\n\n\n<p>El funcionario subray\u00f3 que los apoyos llegan de manera directa, sin intermediarios ni condicionamientos, y priorizan a mujeres, personas mayores, j\u00f3venes y comunidades rurales que por a\u00f1os estuvieron al margen del desarrollo.<br><\/p>\n\n\n\n<figure class=\"wp-block-image size-large\"><img loading=\"lazy\" decoding=\"async\" width=\"1024\" height=\"506\" src=\"https:\/\/elinformante.mx\/wp-content\/uploads\/2025\/10\/8HORACIO-5-1024x506.jpg\" alt=\"\" class=\"wp-image-93961\" srcset=\"https:\/\/elinformante.mx\/wp-content\/uploads\/2025\/10\/8HORACIO-5-1024x506.jpg 1024w, https:\/\/elinformante.mx\/wp-content\/uploads\/2025\/10\/8HORACIO-5-300x148.jpg 300w, https:\/\/elinformante.mx\/wp-content\/uploads\/2025\/10\/8HORACIO-5-768x379.jpg 768w, https:\/\/elinformante.mx\/wp-content\/uploads\/2025\/10\/8HORACIO-5.jpg 1140w\" sizes=\"(max-width: 1024px) 100vw, 1024px\" \/><\/figure>\n\n\n\n<p>Adem\u00e1s, destac\u00f3 la puesta en marcha del Plan Integral del Oriente, un proyecto que beneficiar\u00e1 a m\u00e1s de 10 millones de personas con l\u00edneas de acci\u00f3n enfocadas en infraestructura social, movilidad, vivienda, educaci\u00f3n y salud, con una inversi\u00f3n superior a 75 mil millones de pesos.<br><\/p>\n\n\n\n<p>En materia de infraestructura vial, inform\u00f3 que, gracias al programa estatal de Bacheo y Rehabilitaci\u00f3n de Caminos, se han intervenido calles y avenidas, fortaleciendo la movilidad y mejorando las condiciones de tr\u00e1nsito en beneficio directo de millones de mexiquenses.<br><\/p>\n\n\n\n<figure class=\"wp-block-image size-large\"><img loading=\"lazy\" decoding=\"async\" width=\"1024\" height=\"506\" src=\"https:\/\/elinformante.mx\/wp-content\/uploads\/2025\/10\/8HORACIO-6-1024x506.jpg\" alt=\"\" class=\"wp-image-93962\" srcset=\"https:\/\/elinformante.mx\/wp-content\/uploads\/2025\/10\/8HORACIO-6-1024x506.jpg 1024w, https:\/\/elinformante.mx\/wp-content\/uploads\/2025\/10\/8HORACIO-6-300x148.jpg 300w, https:\/\/elinformante.mx\/wp-content\/uploads\/2025\/10\/8HORACIO-6-768x379.jpg 768w, https:\/\/elinformante.mx\/wp-content\/uploads\/2025\/10\/8HORACIO-6.jpg 1140w\" sizes=\"(max-width: 1024px) 100vw, 1024px\" \/><\/figure>\n\n\n\n<p>El Gobierno del Estado de M\u00e9xico refrenda su compromiso con la austeridad republicana y con un principio claro: los derechos no son privilegios. Cada peso del presupuesto p\u00fablico se destina a mejorar la vida de las y los mexiquenses, porque gobernar no es gastar m\u00e1s, sino gastar mejor.<br><\/p>\n\n\n\n<p>Finalmente, Horacio Duarte afirm\u00f3 que \u201cHoy es tiempo de trabajar, trabajar, trabajar y trabajar. Ese es el mandato de nuestra Gobernadora, ese es el ejemplo de nuestra Presidenta, esa es la herencia del l\u00edder fundador de nuestro movimiento\u201d.<\/p>\n","protected":false},"excerpt":{"rendered":"<p>-El Secretario General de Gobierno destac\u00f3 el liderazgo de la Presidenta Claudia Sheinbaum y de la Gobernadora Delfina G\u00f3mez en la consolidaci\u00f3n de la Cuarta Transformaci\u00f3n.-Duarte Olivares reafirm\u00f3 que en el Estado de M\u00e9xico hay un solo equipo: el de la Gobernadora Delfina G\u00f3mez.-Subray\u00f3 los avances en pol\u00edtica social, salud, educaci\u00f3n, movilidad, econom\u00eda y seguridad. [&hellip;]<\/p>\n","protected":false},"author":1,"featured_media":93957,"comment_status":"closed","ping_status":"closed","sticky":false,"template":"","format":"standard","meta":{"footnotes":""},"categories":[30,36,31],"tags":[46],"class_list":["post-93956","post","type-post","status-publish","format-standard","has-post-thumbnail","hentry","category-destacado","category-edomex","category-portada","tag-portadaedomex"],"_links":{"self":[{"href":"https:\/\/elinformante.mx\/index.php?rest_route=\/wp\/v2\/posts\/93956","targetHints":{"allow":["GET"]}}],"collection":[{"href":"https:\/\/elinformante.mx\/index.php?rest_route=\/wp\/v2\/posts"}],"about":[{"href":"https:\/\/elinformante.mx\/index.php?rest_route=\/wp\/v2\/types\/post"}],"author":[{"embeddable":true,"href":"https:\/\/elinformante.mx\/index.php?rest_route=\/wp\/v2\/users\/1"}],"replies":[{"embeddable":true,"href":"https:\/\/elinformante.mx\/index.php?rest_route=%2Fwp%2Fv2%2Fcomments&post=93956"}],"version-history":[{"count":0,"href":"https:\/\/elinformante.mx\/index.php?rest_route=\/wp\/v2\/posts\/93956\/revisions"}],"wp:featuredmedia":[{"embeddable":true,"href":"https:\/\/elinformante.mx\/index.php?rest_route=\/wp\/v2\/media\/93957"}],"wp:attachment":[{"href":"https:\/\/elinformante.mx\/index.php?rest_route=%2Fwp%2Fv2%2Fmedia&parent=93956"}],"wp:term":[{"taxonomy":"category","embeddable":true,"href":"https:\/\/elinformante.mx\/index.php?rest_route=%2Fwp%2Fv2%2Fcategories&post=93956"},{"taxonomy":"post_tag","embeddable":true,"href":"https:\/\/elinformante.mx\/index.php?rest_route=%2Fwp%2Fv2%2Ftags&post=93956"}],"curies":[{"name":"wp","href":"https:\/\/api.w.org\/{rel}","templated":true}]}}