{"id":93966,"date":"2025-10-08T06:58:56","date_gmt":"2025-10-08T12:58:56","guid":{"rendered":"https:\/\/elinformante.mx\/?p=93966"},"modified":"2025-10-08T06:58:59","modified_gmt":"2025-10-08T12:58:59","slug":"firma-gaby-osorio-declaratoria-hacia-un-ecosistema-innovador-urbano-y-regenerativo-en-cdmx","status":"publish","type":"post","link":"https:\/\/elinformante.mx\/?p=93966","title":{"rendered":"Firma Gaby Osorio declaratoria \u201cHacia un Ecosistema Innovador, Urbano y Regenerativo en CDMX\u201d"},"content":{"rendered":"\n<figure class=\"wp-block-pullquote\"><blockquote><p>-Durante el Tercer Foro de Urbanismo Regenerativo, la alcaldesa, subray\u00f3 la importancia de colocar la vida, la justicia social y la equidad como ejes centrales de la transformaci\u00f3n urbana.<\/p><\/blockquote><\/figure>\n\n\n\n<p class=\"has-drop-cap\">La alcaldesa Gaby Osorio particip\u00f3 en el Tercer Foro de Urbanismo Regenerativo, donde firm\u00f3 la Declaratoria Hacia un Ecosistema Innovador, Urbano y Regenerativo en la Ciudad de M\u00e9xico, un compromiso conjunto entre instituciones p\u00fablicas, academia, sociedad civil y sector privado para impulsar un modelo de desarrollo urbano m\u00e1s sostenible, justo y resiliente.<br><\/p>\n\n\n\n<p>Osorio afirm\u00f3 que este foro es una convocatoria al pensamiento y al compromiso para construir una ciudad con justicia social, colaboraci\u00f3n y con un urbanismo que regenere la vida y reconcilie a las personas con su entorno. Destac\u00f3 que Tlalpan trabaja con modelos de regeneraci\u00f3n porque cada acci\u00f3n clim\u00e1tica cuenta, y que las juventudes tienen un papel esencial en la creaci\u00f3n de nuevas formas de habitar las ciudades.<br><\/p>\n\n\n\n<p>Osorio enfatiz\u00f3 que colocar la vida al centro \u2014la humana, la natural y la animal\u2014 debe guiar la formulaci\u00f3n de pol\u00edticas p\u00fablicas, programas y acciones. \u201cConstruir ciudades m\u00e1s resilientes implica reconocer las desigualdades, generar justicia social y reducir la pobreza. Una ciudad justa es tambi\u00e9n una ciudad equitativa y con perspectiva de g\u00e9nero\u201d, se\u00f1al\u00f3.<br><\/p>\n\n\n\n<p>Advirti\u00f3 que la crisis clim\u00e1tica es una realidad que exige acci\u00f3n pol\u00edtica y alianzas locales: \u201cMientras existan potencias que nieguen la crisis clim\u00e1tica, se profundiza la desigualdad. Por eso es fundamental actuar desde lo local con visi\u00f3n global, articulando esfuerzos que inspiren cambios reales\u201d.<br><\/p>\n\n\n\n<p>La Declaratoria Hacia un Ecosistema Innovador, Urbano y Regenerativo en la Ciudad de M\u00e9xico establece la voluntad de colaboraci\u00f3n entre gobiernos, academia y sociedad civil para construir un futuro urbano sostenible e inclusivo. Reconoce que los emprendimientos clim\u00e1ticos son catalizadores esenciales para impulsar econom\u00edas bajas en carbono y que la planeaci\u00f3n regenerativa debe restaurar ecosistemas, promover la equidad social y mejorar la calidad de vida en las ciudades.<br><\/p>\n\n\n\n<p>Asimismo, el documento llama a desarrollar sistemas de innovaci\u00f3n urbana y clim\u00e1tica en el sur de la capital, abiertos a la colaboraci\u00f3n con otros territorios, y a fortalecer una agenda compartida de acci\u00f3n clim\u00e1tica, alineada con las estrategias impulsadas por el Gobierno de la Ciudad de M\u00e9xico.<br><\/p>\n\n\n\n<p>En el foro participaron tambi\u00e9n el Dr. Alfredo Hidalgo, decano de la Escuela de Arquitectura, Arte y Dise\u00f1o del Tecnol\u00f3gico de Monterrey; ONU-H\u00e1bitat M\u00e9xico; y Arturo Palacios, representante de la Secretar\u00eda de Desarrollo Econ\u00f3mico (SEDECO). Hidalgo celebr\u00f3 la consolidaci\u00f3n del foro como un punto de convergencia entre sectores que buscan transformar la manera de habitar las ciudades y destac\u00f3 la Ruta Azul como ejemplo de innovaci\u00f3n y emprendimiento frente a la crisis clim\u00e1tica.<br><\/p>\n\n\n\n<p>ONU-H\u00e1bitat M\u00e9xico refrend\u00f3 la necesidad de fortalecer el di\u00e1logo colaborativo y las pol\u00edticas transformadoras, mientras que SEDECO subray\u00f3 que la resiliencia, la adaptabilidad y la innovaci\u00f3n son las claves para sostener y regenerar a las ciudades ante el cambio clim\u00e1tico.<br><\/p>\n\n\n\n<p>Con esta participaci\u00f3n, la Alcald\u00eda Tlalpan reafirma su compromiso con la acci\u00f3n clim\u00e1tica local y con la generaci\u00f3n de alianzas multisectoriales que impulsen un urbanismo regenerativo, humano y con visi\u00f3n de futuro.<\/p>\n","protected":false},"excerpt":{"rendered":"<p>-Durante el Tercer Foro de Urbanismo Regenerativo, la alcaldesa, subray\u00f3 la importancia de colocar la vida, la justicia social y la equidad como ejes centrales de la transformaci\u00f3n urbana. La alcaldesa Gaby Osorio particip\u00f3 en el Tercer Foro de Urbanismo Regenerativo, donde firm\u00f3 la Declaratoria Hacia un Ecosistema Innovador, Urbano y Regenerativo en la Ciudad [&hellip;]<\/p>\n","protected":false},"author":1,"featured_media":93967,"comment_status":"closed","ping_status":"closed","sticky":false,"template":"","format":"standard","meta":{"footnotes":""},"categories":[35,30],"tags":[],"class_list":["post-93966","post","type-post","status-publish","format-standard","has-post-thumbnail","hentry","category-cdmx","category-destacado"],"_links":{"self":[{"href":"https:\/\/elinformante.mx\/index.php?rest_route=\/wp\/v2\/posts\/93966","targetHints":{"allow":["GET"]}}],"collection":[{"href":"https:\/\/elinformante.mx\/index.php?rest_route=\/wp\/v2\/posts"}],"about":[{"href":"https:\/\/elinformante.mx\/index.php?rest_route=\/wp\/v2\/types\/post"}],"author":[{"embeddable":true,"href":"https:\/\/elinformante.mx\/index.php?rest_route=\/wp\/v2\/users\/1"}],"replies":[{"embeddable":true,"href":"https:\/\/elinformante.mx\/index.php?rest_route=%2Fwp%2Fv2%2Fcomments&post=93966"}],"version-history":[{"count":0,"href":"https:\/\/elinformante.mx\/index.php?rest_route=\/wp\/v2\/posts\/93966\/revisions"}],"wp:featuredmedia":[{"embeddable":true,"href":"https:\/\/elinformante.mx\/index.php?rest_route=\/wp\/v2\/media\/93967"}],"wp:attachment":[{"href":"https:\/\/elinformante.mx\/index.php?rest_route=%2Fwp%2Fv2%2Fmedia&parent=93966"}],"wp:term":[{"taxonomy":"category","embeddable":true,"href":"https:\/\/elinformante.mx\/index.php?rest_route=%2Fwp%2Fv2%2Fcategories&post=93966"},{"taxonomy":"post_tag","embeddable":true,"href":"https:\/\/elinformante.mx\/index.php?rest_route=%2Fwp%2Fv2%2Ftags&post=93966"}],"curies":[{"name":"wp","href":"https:\/\/api.w.org\/{rel}","templated":true}]}}