{"id":93975,"date":"2025-10-08T07:25:48","date_gmt":"2025-10-08T13:25:48","guid":{"rendered":"https:\/\/elinformante.mx\/?p=93975"},"modified":"2025-10-08T07:25:56","modified_gmt":"2025-10-08T13:25:56","slug":"inicia-mara-lezama-pruebas-del-camion-electrico-taruk-para-avance-de-transporte-publico-eficiente-y-sustentable-en-chetumal","status":"publish","type":"post","link":"https:\/\/elinformante.mx\/?p=93975","title":{"rendered":"Inicia Mara Lezama pruebas del cami\u00f3n el\u00e9ctrico Taruk para avance de transporte p\u00fablico eficiente y sustentable en Chetumal"},"content":{"rendered":"\n<figure class=\"wp-block-pullquote\"><blockquote><p>-Esta unidad se sumar\u00e1 a las pruebas operativas en las dos rutas piloto, con pasajeros a bordo, y posteriormente en nuevas rutas<\/p><\/blockquote><\/figure>\n\n\n\n<p class=\"has-drop-cap\">La gobernadora Mara Lezama Espinosa present\u00f3 el cami\u00f3n Taruk, el cami\u00f3n 100% el\u00e9ctrico y fabricado en M\u00e9xico, que estar\u00e1 en pruebas operativas como parte del proyecto del servicio de transporte p\u00fablico en Chetumal, la capital del estado.<br><\/p>\n\n\n\n<p>Junto con el director del IMOVEQROO, Rafael Hern\u00e1ndez Kotasek, la gobernadora de Quintana Roo asegur\u00f3 que el transporte p\u00fablico digno ser\u00e1 una realidad; siguen las pruebas, pero ser\u00e1 una realidad a inicios de a\u00f1o.<br><\/p>\n\n\n\n<p>Esta unidad de demostraci\u00f3n har\u00e1 pruebas operativas del 6 al 11 de octubre en las dos rutas piloto: Caribe y Sian Ka\u2019an, integr\u00e1ndose a la operaci\u00f3n diaria para que los usuarios puedan abordarla y evaluar, explic\u00f3 la Gobernadora. Posteriormente, los d\u00edas 10 y 11 de octubre, las pruebas continuar\u00e1n en rutas nuevas, sin pasajeros.<br><\/p>\n\n\n\n<p>El director del IMOVEQROO a\u00f1adi\u00f3 que el objetivo es evaluar el desempe\u00f1o real del autob\u00fas en escenarios cotidianos, considerando su comportamiento t\u00e9cnico, operativo, energ\u00e9tico y econ\u00f3mico, as\u00ed como la experiencia de las y los usuarios.<br><\/p>\n\n\n\n<figure class=\"wp-block-image size-large\"><img fetchpriority=\"high\" decoding=\"async\" width=\"1024\" height=\"506\" src=\"https:\/\/elinformante.mx\/wp-content\/uploads\/2025\/10\/4quinta-2-1024x506.jpg\" alt=\"\" class=\"wp-image-93977\" srcset=\"https:\/\/elinformante.mx\/wp-content\/uploads\/2025\/10\/4quinta-2-1024x506.jpg 1024w, https:\/\/elinformante.mx\/wp-content\/uploads\/2025\/10\/4quinta-2-300x148.jpg 300w, https:\/\/elinformante.mx\/wp-content\/uploads\/2025\/10\/4quinta-2-768x379.jpg 768w, https:\/\/elinformante.mx\/wp-content\/uploads\/2025\/10\/4quinta-2.jpg 1140w\" sizes=\"(max-width: 1024px) 100vw, 1024px\" \/><\/figure>\n\n\n\n<p>Con una longitud de 9.5 metros y capacidad total para 60 pasajeros (28 sentados), la unidad combina dise\u00f1o urbano compacto con una autonom\u00eda de hasta 350 kil\u00f3metros, suficiente para cubrir rutas completas sin necesidad de recargas frecuentes.<br><\/p>\n\n\n\n<p>Su motor el\u00e9ctrico de 100 KW ofrece un desempe\u00f1o eficiente y silencioso, eliminando emisiones contaminantes durante su operaci\u00f3n y contribuyendo as\u00ed a mejorar la calidad del aire en la ciudad.<br><\/p>\n\n\n\n<p>La gobernadora Mara Lezama precis\u00f3 que el Taruk representa un avance en la soberan\u00eda tecnol\u00f3gica nacional, al ser un veh\u00edculo el\u00e9ctrico dise\u00f1ado, producido y patentado en M\u00e9xico, con el respaldo de Megaflux, el Conahcyt y la Facultad de Ingenier\u00eda de la UNAM, pero tambi\u00e9n significa generaci\u00f3n de empleo para las y los mexicanos.<br><\/p>\n\n\n\n<p>A\u00f1adi\u00f3 que tiene accesibilidad universal para todas y todos, con espacios para sillas de ruedas. \u201cEl objetivo es que tengan un traslado seguro hacia la escuela, hacia la oficina, hacia la casa. Simboliza justicia social, bienestar para la gente\u201d.<\/p>\n","protected":false},"excerpt":{"rendered":"<p>-Esta unidad se sumar\u00e1 a las pruebas operativas en las dos rutas piloto, con pasajeros a bordo, y posteriormente en nuevas rutas La gobernadora Mara Lezama Espinosa present\u00f3 el cami\u00f3n Taruk, el cami\u00f3n 100% el\u00e9ctrico y fabricado en M\u00e9xico, que estar\u00e1 en pruebas operativas como parte del proyecto del servicio de transporte p\u00fablico en Chetumal, [&hellip;]<\/p>\n","protected":false},"author":1,"featured_media":93976,"comment_status":"closed","ping_status":"closed","sticky":false,"template":"","format":"standard","meta":{"footnotes":""},"categories":[30,34],"tags":[],"class_list":["post-93975","post","type-post","status-publish","format-standard","has-post-thumbnail","hentry","category-destacado","category-nacional"],"_links":{"self":[{"href":"https:\/\/elinformante.mx\/index.php?rest_route=\/wp\/v2\/posts\/93975","targetHints":{"allow":["GET"]}}],"collection":[{"href":"https:\/\/elinformante.mx\/index.php?rest_route=\/wp\/v2\/posts"}],"about":[{"href":"https:\/\/elinformante.mx\/index.php?rest_route=\/wp\/v2\/types\/post"}],"author":[{"embeddable":true,"href":"https:\/\/elinformante.mx\/index.php?rest_route=\/wp\/v2\/users\/1"}],"replies":[{"embeddable":true,"href":"https:\/\/elinformante.mx\/index.php?rest_route=%2Fwp%2Fv2%2Fcomments&post=93975"}],"version-history":[{"count":0,"href":"https:\/\/elinformante.mx\/index.php?rest_route=\/wp\/v2\/posts\/93975\/revisions"}],"wp:featuredmedia":[{"embeddable":true,"href":"https:\/\/elinformante.mx\/index.php?rest_route=\/wp\/v2\/media\/93976"}],"wp:attachment":[{"href":"https:\/\/elinformante.mx\/index.php?rest_route=%2Fwp%2Fv2%2Fmedia&parent=93975"}],"wp:term":[{"taxonomy":"category","embeddable":true,"href":"https:\/\/elinformante.mx\/index.php?rest_route=%2Fwp%2Fv2%2Fcategories&post=93975"},{"taxonomy":"post_tag","embeddable":true,"href":"https:\/\/elinformante.mx\/index.php?rest_route=%2Fwp%2Fv2%2Ftags&post=93975"}],"curies":[{"name":"wp","href":"https:\/\/api.w.org\/{rel}","templated":true}]}}