{"id":93978,"date":"2025-10-08T07:28:07","date_gmt":"2025-10-08T13:28:07","guid":{"rendered":"https:\/\/elinformante.mx\/?p=93978"},"modified":"2025-10-08T07:28:10","modified_gmt":"2025-10-08T13:28:10","slug":"invita-citlalli-hernandez-a-colectivos-y-sociedad-civil-a-colaborar-permanentemente","status":"publish","type":"post","link":"https:\/\/elinformante.mx\/?p=93978","title":{"rendered":"Invita Citlalli Hern\u00e1ndez a colectivos y Sociedad Civil a colaborar permanentemente"},"content":{"rendered":"\n<figure class=\"wp-block-pullquote\"><blockquote><p>Hern\u00e1ndez Mora indic\u00f3 que el pa\u00eds a\u00fan vive las consecuencias de la guerra contra el narcotr\u00e1fico del periodo neoliberal.<\/p><\/blockquote><\/figure>\n\n\n\n<p class=\"has-drop-cap\">La Secretaria de las Mujeres, Citlalli Hern\u00e1ndez Mora, afirm\u00f3 que en el pa\u00eds se vive momentos de cambio profundo, adem\u00e1s de la eliminaci\u00f3n de todo tipo de violencia hacia las mujeres, situaci\u00f3n prioritaria para la Presidenta Claudia Sheinbaum Pardo, por lo que llam\u00f3 a colectivas y organizaciones de la sociedad civil a trabajar de manera conjunta con las instituciones.<br><\/p>\n\n\n\n<p>Fue en el foro Di\u00e1logos Intergeneracionales: reconfigurar nuestro sector para crear futuros m\u00e1s dignos y justos, dijo que M\u00e9xico est\u00e1 viviendo un momento de cambio que inici\u00f3 en 2018 hay una oportunidad de construir lo que se haya roto o replantear una nueva forma de convivencia entre gobierno y sociedad civil.<br><\/p>\n\n\n\n<p>Se\u00f1al\u00f3, es fundamental mantener encuentros con todas aquellas personas que con sus conocimientos y sus experiencias, se edifique un proyecto duradero de paz, transexenal, que asegure una vida libre de violencia hacia las ni\u00f1as, adolescentes y mujeres.<br><\/p>\n\n\n\n<p>Hern\u00e1ndez Mora indic\u00f3 que el pa\u00eds a\u00fan vive las consecuencias de la guerra contra el narcotr\u00e1fico del periodo neoliberal, por ejemplo: las madres buscadoras que perdieron a sus hijos, la ni\u00f1ez v\u00edctima de la delincuencia organizada, pr\u00e1cticas m\u00e1s violentas hacia las mujeres, entre otros menoscabos del tejido social, que hoy se buscan reparar a trav\u00e9s de una pol\u00edtica de paz a corto, mediano y largo plazo.<br><\/p>\n\n\n\n<p>La titular de la Secretar\u00eda de las Mujeres coment\u00f3 que lo anterior, avanza de la mano con la cultura de la prevenci\u00f3n desde los salones de clases, porque la apuesta de este sexenio es hacer un cambio cultural de ra\u00edz.<br><\/p>\n\n\n\n<p>La Secretaria Citlalli Hern\u00e1ndez Mora reiter\u00f3 su llamado a las colectivas e integrantes de organizaciones de la sociedad civil a establecer agendas en com\u00fan para abrazarnos hoy, ma\u00f1ana y siempre.<\/p>\n","protected":false},"excerpt":{"rendered":"<p>Hern\u00e1ndez Mora indic\u00f3 que el pa\u00eds a\u00fan vive las consecuencias de la guerra contra el narcotr\u00e1fico del periodo neoliberal. La Secretaria de las Mujeres, Citlalli Hern\u00e1ndez Mora, afirm\u00f3 que en el pa\u00eds se vive momentos de cambio profundo, adem\u00e1s de la eliminaci\u00f3n de todo tipo de violencia hacia las mujeres, situaci\u00f3n prioritaria para la Presidenta [&hellip;]<\/p>\n","protected":false},"author":1,"featured_media":93979,"comment_status":"closed","ping_status":"closed","sticky":false,"template":"","format":"standard","meta":{"footnotes":""},"categories":[34],"tags":[],"class_list":["post-93978","post","type-post","status-publish","format-standard","has-post-thumbnail","hentry","category-nacional"],"_links":{"self":[{"href":"https:\/\/elinformante.mx\/index.php?rest_route=\/wp\/v2\/posts\/93978","targetHints":{"allow":["GET"]}}],"collection":[{"href":"https:\/\/elinformante.mx\/index.php?rest_route=\/wp\/v2\/posts"}],"about":[{"href":"https:\/\/elinformante.mx\/index.php?rest_route=\/wp\/v2\/types\/post"}],"author":[{"embeddable":true,"href":"https:\/\/elinformante.mx\/index.php?rest_route=\/wp\/v2\/users\/1"}],"replies":[{"embeddable":true,"href":"https:\/\/elinformante.mx\/index.php?rest_route=%2Fwp%2Fv2%2Fcomments&post=93978"}],"version-history":[{"count":0,"href":"https:\/\/elinformante.mx\/index.php?rest_route=\/wp\/v2\/posts\/93978\/revisions"}],"wp:featuredmedia":[{"embeddable":true,"href":"https:\/\/elinformante.mx\/index.php?rest_route=\/wp\/v2\/media\/93979"}],"wp:attachment":[{"href":"https:\/\/elinformante.mx\/index.php?rest_route=%2Fwp%2Fv2%2Fmedia&parent=93978"}],"wp:term":[{"taxonomy":"category","embeddable":true,"href":"https:\/\/elinformante.mx\/index.php?rest_route=%2Fwp%2Fv2%2Fcategories&post=93978"},{"taxonomy":"post_tag","embeddable":true,"href":"https:\/\/elinformante.mx\/index.php?rest_route=%2Fwp%2Fv2%2Ftags&post=93978"}],"curies":[{"name":"wp","href":"https:\/\/api.w.org\/{rel}","templated":true}]}}