{"id":93983,"date":"2025-10-08T07:37:01","date_gmt":"2025-10-08T13:37:01","guid":{"rendered":"https:\/\/elinformante.mx\/?p=93983"},"modified":"2025-10-08T07:37:30","modified_gmt":"2025-10-08T13:37:30","slug":"el-espejismo-del-comercio-global-en-el-2025","status":"publish","type":"post","link":"https:\/\/elinformante.mx\/?p=93983","title":{"rendered":"EL ESPEJISMO DEL COMERCIO GLOBAL EN EL 2025"},"content":{"rendered":"\n<figure class=\"wp-block-pullquote\"><blockquote><p><strong>Por: Enrique Campos Su\u00e1rez<\/strong><\/p><\/blockquote><\/figure>\n\n\n\n<p class=\"has-drop-cap\">La apertura comercial fue una pol\u00edtica prioritaria que M\u00e9xico decidi\u00f3 adoptar desde finales de los a\u00f1os 80. Ha sido tan positiva y significativa para la econom\u00eda mexicana que ha sido el eje de las pol\u00edticas de desarrollo de gobiernos de tres diferentes y dis\u00edmbolos partidos pol\u00edticos.<br><\/p>\n\n\n\n<p>La ret\u00f3rica oficial les llama \u201ctecn\u00f3cratas\u201d, la narrativa opositora les llama \u201cpopulistas\u201d. Bueno, unos y otros se han montado en la ola de la apertura comercial para expandir la econom\u00eda.<br><\/p>\n\n\n\n<p>La iniciativa global de libre comercio no es de manufactura mexicana. De hecho, nuestro pa\u00eds se sum\u00f3 tarde al modelo propuesto por Estados Unidos tras la Segunda Guerra Mundial a trav\u00e9s del Acuerdo General sobre Aranceles y Comercio (GATT).<br><\/p>\n\n\n\n<p>M\u00e9xico dej\u00f3 atr\u00e1s su oscura etapa populista para aventurarse a dar un paso m\u00e1s all\u00e1 y lograr, en tiempos de Carlos Salinas de Gortari, lo impensable: un acuerdo de libre comercio con Estados Unidos.<br><\/p>\n\n\n\n<p>Treinta a\u00f1os despu\u00e9s, y a pesar de que M\u00e9xico dio un golpe de tim\u00f3n que no implic\u00f3, sin embargo, abandonar el modelo de apertura comercial, el principal impulsor del libre comercio s\u00ed ha decidido ajustar su percepci\u00f3n de fronteras comerciales libres.<br><\/p>\n\n\n\n<p>Las decisiones arancelarias de Donald Trump y la incertidumbre sobre el futuro del acuerdo comercial bilateral generan inquietud en una econom\u00eda como la mexicana, que exhibe un Indicador de Apertura Comercial (exportaciones m\u00e1s importaciones como porcentaje del Producto Interno Bruto) de 74.7 por ciento.<br><\/p>\n\n\n\n<p>El efecto negativo de la pol\u00edtica arancelaria de Trump se ha retrasado, por los titubeos de su propia administraci\u00f3n y por el adelanto en surtir inventarios previo a la aplicaci\u00f3n de los nuevos impuestos, pero est\u00e1 claro que la factura habr\u00e1 de llegar.<br><\/p>\n\n\n\n<p>Parad\u00f3jicamente, la amenaza contra el comercio global de Trump acab\u00f3 por impulsar esta actividad durante el primer semestre del a\u00f1o.<br><\/p>\n\n\n\n<p>De acuerdo con la Organizaci\u00f3n Mundial de Comercio (OMC) entre enero y junio el volumen del comercio mundial de mercanc\u00edas aument\u00f3 4.9% en comparaci\u00f3n anual, lo que ha llevado a elevar el pron\u00f3stico para todo este 2025 a 2.4% de incremento, sobre el pron\u00f3stico previo de abril de -0.2 por ciento.<br><\/p>\n\n\n\n<p>Lo \u00fanico que ha sucedido es que el efecto negativo se traspasa al 2026, porque ahora la OMC ya no estima como en abril pasado que el volumen del comercio se expandir\u00eda 2.5%, sino solamente 0.5 por ciento.<br><\/p>\n\n\n\n<p>En espec\u00edfico para la regi\u00f3n de Am\u00e9rica del Norte, epicentro de la nueva pol\u00edtica comercial global y la regi\u00f3n a la que pertenece M\u00e9xico, la OMC estima una baja del volumen comercial para el 2026 de 5.8 por ciento.<br><\/p>\n\n\n\n<p>De todas las revisiones que se empiezan a hacer para anticipar el comportamiento econ\u00f3mico del 2026 \u00e9sta es, hasta ahora, la m\u00e1s negativa para la econom\u00eda mexicana.<br><\/p>\n\n\n\n<p>Tiene toda la l\u00f3gica del retraso en la ejecuci\u00f3n de la pol\u00edtica arancelaria de Donald Trump, pero tambi\u00e9n tiene la esperanza de que se pueda lograr alg\u00fan acuerdo bilateral o trilateral en Norteam\u00e9rica que pueda paliar esos malos resultados esperados.<br><\/p>\n\n\n\n<p>Buena parte de las mejores previsiones para el Producto Interno Bruto para este 2025 se deben al retraso del impacto arancelario en los vol\u00famenes del comercio global, pero esta perspectiva de la factura inevitable adelanta malos augurios para el pr\u00f3ximo a\u00f1o.<br><\/p>\n\n\n\n<p>Buena parte de las mejores previsiones para el PIB para este 2025 se deben al retraso del impacto arancelario en los vol\u00famenes del comercio global.<\/p>\n","protected":false},"excerpt":{"rendered":"<p>Por: Enrique Campos Su\u00e1rez La apertura comercial fue una pol\u00edtica prioritaria que M\u00e9xico decidi\u00f3 adoptar desde finales de los a\u00f1os 80. Ha sido tan positiva y significativa para la econom\u00eda mexicana que ha sido el eje de las pol\u00edticas de desarrollo de gobiernos de tres diferentes y dis\u00edmbolos partidos pol\u00edticos. La ret\u00f3rica oficial les llama [&hellip;]<\/p>\n","protected":false},"author":1,"featured_media":93984,"comment_status":"closed","ping_status":"closed","sticky":false,"template":"","format":"standard","meta":{"footnotes":""},"categories":[32],"tags":[],"class_list":["post-93983","post","type-post","status-publish","format-standard","has-post-thumbnail","hentry","category-editorial"],"_links":{"self":[{"href":"https:\/\/elinformante.mx\/index.php?rest_route=\/wp\/v2\/posts\/93983","targetHints":{"allow":["GET"]}}],"collection":[{"href":"https:\/\/elinformante.mx\/index.php?rest_route=\/wp\/v2\/posts"}],"about":[{"href":"https:\/\/elinformante.mx\/index.php?rest_route=\/wp\/v2\/types\/post"}],"author":[{"embeddable":true,"href":"https:\/\/elinformante.mx\/index.php?rest_route=\/wp\/v2\/users\/1"}],"replies":[{"embeddable":true,"href":"https:\/\/elinformante.mx\/index.php?rest_route=%2Fwp%2Fv2%2Fcomments&post=93983"}],"version-history":[{"count":0,"href":"https:\/\/elinformante.mx\/index.php?rest_route=\/wp\/v2\/posts\/93983\/revisions"}],"wp:featuredmedia":[{"embeddable":true,"href":"https:\/\/elinformante.mx\/index.php?rest_route=\/wp\/v2\/media\/93984"}],"wp:attachment":[{"href":"https:\/\/elinformante.mx\/index.php?rest_route=%2Fwp%2Fv2%2Fmedia&parent=93983"}],"wp:term":[{"taxonomy":"category","embeddable":true,"href":"https:\/\/elinformante.mx\/index.php?rest_route=%2Fwp%2Fv2%2Fcategories&post=93983"},{"taxonomy":"post_tag","embeddable":true,"href":"https:\/\/elinformante.mx\/index.php?rest_route=%2Fwp%2Fv2%2Ftags&post=93983"}],"curies":[{"name":"wp","href":"https:\/\/api.w.org\/{rel}","templated":true}]}}