{"id":93985,"date":"2025-10-08T07:39:24","date_gmt":"2025-10-08T13:39:24","guid":{"rendered":"https:\/\/elinformante.mx\/?p=93985"},"modified":"2025-10-08T07:39:28","modified_gmt":"2025-10-08T13:39:28","slug":"crecimiento-de-mexico-se-impulsara-al-resolver-el-t-mec-banco-mundial","status":"publish","type":"post","link":"https:\/\/elinformante.mx\/?p=93985","title":{"rendered":"Crecimiento de M\u00e9xico se impulsar\u00e1 al resolver el T-MEC: Banco Mundial"},"content":{"rendered":"\n<figure class=\"wp-block-pullquote\"><blockquote><p>Estima que M\u00e9xico crecer\u00e1 un 0.5% este 2025, tres d\u00e9cimas m\u00e1s de lo que apunt\u00f3 en verano.<\/p><\/blockquote><\/figure>\n\n\n\n<p class=\"has-drop-cap\">El Banco Mundial (BM) asegur\u00f3 que la econom\u00eda de M\u00e9xico crecer\u00e1 cuando consiga resolver la incertidumbre en la que est\u00e1 sumida por su relaci\u00f3n con sus vecinos estadounidenses y la renegociaci\u00f3n del Tratado entre M\u00e9xico, Estados Unidos y Canad\u00e1 (T-MEC), aunque la instituci\u00f3n mejor\u00f3 las perspectivas de crecimiento de la econom\u00eda mexicana hasta 2027.<br><\/p>\n\n\n\n<p>\u201cLa tasa de crecimiento no es la que nos gustar\u00eda, y gran parte de ello se debe precisamente a la incertidumbre que rodea el futuro de la asociaci\u00f3n entre Estados Unidos y M\u00e9xico\u201d, declar\u00f3 William Maloney, economista jefe para Am\u00e9rica Latina y el Caribe del BM en una rueda de prensa para presentar el \u00faltimo informe sobre la regi\u00f3n.<br><\/p>\n\n\n\n<p>De acuerdo a este informe, se mejora las perspectivas de crecimiento de la econom\u00eda mexicana con respecto a las difundidas en junio de 2025.<br><\/p>\n\n\n\n<p>El BM estima que M\u00e9xico crecer\u00e1 un 0.5% este 2025, tres d\u00e9cimas m\u00e1s de lo que apunt\u00f3 en verano. Tambi\u00e9n aument\u00f3 el crecimiento para los pr\u00f3ximos dos a\u00f1os: 1.4% para el 2026 y 1.9% para 2027.<br><\/p>\n\n\n\n<p>Cuanto antes se resuelva la relaci\u00f3n comercial con Estados Unidos, mejor ser\u00e1 para los inversores de todo el mundo que est\u00e9n pensando en M\u00e9xico.<br><\/p>\n\n\n\n<p>Sin embargo, el economista afirm\u00f3 que, pese a que estaba sufriendo el impacto de las tensiones con EE.UU., la situaci\u00f3n \u201cno es del todo negativa\u201d.<br><\/p>\n\n\n\n<p>Maloney confi\u00f3 en que la incertidumbre se pueda resolver y que la situaci\u00f3n mejore para las pr\u00f3ximas previsiones del organismo.<br><\/p>\n\n\n\n<p>Ambos pa\u00edses se encuentran en la fase inicial de la revisi\u00f3n del T-MEC, el tratado de libre comercio entre M\u00e9xico, Estados Unidos y Canad\u00e1, clave para la econom\u00eda mexicana.<\/p>\n","protected":false},"excerpt":{"rendered":"<p>Estima que M\u00e9xico crecer\u00e1 un 0.5% este 2025, tres d\u00e9cimas m\u00e1s de lo que apunt\u00f3 en verano. El Banco Mundial (BM) asegur\u00f3 que la econom\u00eda de M\u00e9xico crecer\u00e1 cuando consiga resolver la incertidumbre en la que est\u00e1 sumida por su relaci\u00f3n con sus vecinos estadounidenses y la renegociaci\u00f3n del Tratado entre M\u00e9xico, Estados Unidos y [&hellip;]<\/p>\n","protected":false},"author":1,"featured_media":93986,"comment_status":"closed","ping_status":"closed","sticky":false,"template":"","format":"standard","meta":{"footnotes":""},"categories":[30,34,31],"tags":[],"class_list":["post-93985","post","type-post","status-publish","format-standard","has-post-thumbnail","hentry","category-destacado","category-nacional","category-portada"],"_links":{"self":[{"href":"https:\/\/elinformante.mx\/index.php?rest_route=\/wp\/v2\/posts\/93985","targetHints":{"allow":["GET"]}}],"collection":[{"href":"https:\/\/elinformante.mx\/index.php?rest_route=\/wp\/v2\/posts"}],"about":[{"href":"https:\/\/elinformante.mx\/index.php?rest_route=\/wp\/v2\/types\/post"}],"author":[{"embeddable":true,"href":"https:\/\/elinformante.mx\/index.php?rest_route=\/wp\/v2\/users\/1"}],"replies":[{"embeddable":true,"href":"https:\/\/elinformante.mx\/index.php?rest_route=%2Fwp%2Fv2%2Fcomments&post=93985"}],"version-history":[{"count":0,"href":"https:\/\/elinformante.mx\/index.php?rest_route=\/wp\/v2\/posts\/93985\/revisions"}],"wp:featuredmedia":[{"embeddable":true,"href":"https:\/\/elinformante.mx\/index.php?rest_route=\/wp\/v2\/media\/93986"}],"wp:attachment":[{"href":"https:\/\/elinformante.mx\/index.php?rest_route=%2Fwp%2Fv2%2Fmedia&parent=93985"}],"wp:term":[{"taxonomy":"category","embeddable":true,"href":"https:\/\/elinformante.mx\/index.php?rest_route=%2Fwp%2Fv2%2Fcategories&post=93985"},{"taxonomy":"post_tag","embeddable":true,"href":"https:\/\/elinformante.mx\/index.php?rest_route=%2Fwp%2Fv2%2Ftags&post=93985"}],"curies":[{"name":"wp","href":"https:\/\/api.w.org\/{rel}","templated":true}]}}