{"id":94012,"date":"2025-10-09T06:13:32","date_gmt":"2025-10-09T12:13:32","guid":{"rendered":"https:\/\/elinformante.mx\/?p=94012"},"modified":"2025-10-09T06:13:38","modified_gmt":"2025-10-09T12:13:38","slug":"disfrutare-los-anos-que-me-queden-en-el-futbol-cristiano-ronaldo","status":"publish","type":"post","link":"https:\/\/elinformante.mx\/?p=94012","title":{"rendered":"\u201cDisfrutar\u00e9 los a\u00f1os que me queden en el f\u00fatbol\u201d: Cristiano Ronaldo"},"content":{"rendered":"\n<figure class=\"wp-block-pullquote\"><blockquote><p>El jugador portugu\u00e9s, m\u00e1ximo referente del f\u00fatbol mundial, est\u00e1 buscando romper el r\u00e9cord de los 1000 goles en torneos oficiales.<\/p><\/blockquote><\/figure>\n\n\n\n<p class=\"has-drop-cap\">El jugador Cristiano Ronaldo fue galardonado con el premio Globo Prestigio en la gala de los Globos de F\u00fatbol de Portugal, donde demostr\u00f3 su amor por la selecci\u00f3n de Portugal declarando que \u201csi pudiera, jugar\u00eda solo para la selecci\u00f3n; no jugar\u00eda para ning\u00fan otro club porque es la culminaci\u00f3n y la cima de un futbolista\u201d.<br><\/p>\n\n\n\n<p>El delantero luso, que tiene 40 a\u00f1os y juega en el Al-Nassr F. C. de la Liga Profesional Saud\u00ed, reflexion\u00f3 sobre la perplejidad en su discurso tras ganar el Prestigio de Oro.<br><\/p>\n\n\n\n<p>\u201cTengo varios trofeos en casa, pero debo decir que este es especial y hermoso\u201d<br><\/p>\n\n\n\n<p>De forma muy honesta, Cristiano coment\u00f3 que antes de recibir el galard\u00f3n, tuvo momentos de meditaci\u00f3n, en donde se plante\u00f3 si este podr\u00eda ser el premio al final de su carrera. Sin embargo, despu\u00e9s de mucho pensarlo, lleg\u00f3 a la conclusi\u00f3n de que este trofeo representaba un gran orgullo, ya que no marcaba el final de su carrera, sino la continuaci\u00f3n de todo lo hecho en ella.<br><\/p>\n\n\n\n<p>\u201cLlevo 22 a\u00f1os con la selecci\u00f3n nacional; creo que eso habla por s\u00ed solo: la pasi\u00f3n que siento por vestir la camiseta, por ganar trofeos, por jugar para la selecci\u00f3n. Suelo decir: Si pudiera, jugar\u00eda solo para la selecci\u00f3n; no jugar\u00eda para ning\u00fan otro club porque es la culminaci\u00f3n y la cima de un futbolista. Por eso sigo aqu\u00ed\u201d.<br><\/p>\n\n\n\n<p>Afirm\u00f3 que desea seguir jugando algunos a\u00f1os, no muchos; entre risas mencion\u00f3 que sabe que algunos est\u00e1n cansados de verlo, sobre todo en las ceremonias y en el campo, pero leg\u00edtimamente, piensa que a\u00fan tiene mucho que aportar a la selecci\u00f3n nacional y al f\u00fatbol. Agradeci\u00f3 a todos sus compa\u00f1eros, por todo lo aprehendido de ellos, sobre todo de la generaci\u00f3n m\u00e1s joven, porque ha sido un privilegio estar jugando con ellos.<br><\/p>\n\n\n\n<p>\u201cNuestro objetivo es ganar los dos pr\u00f3ximos partidos y estar en el Mundial. El Mundial llegar\u00e1 pronto. Tenemos que pensar \u00fanica y exclusivamente en el presente, pero con la vista puesta en el futuro. Ser\u00eda un sue\u00f1o. Pero paso a paso\u201d, declar\u00f3 Cristiano Ronaldo, que ha sido 223 veces internacional con Portugal.<br><\/p>\n\n\n\n<p>Y finaliz\u00f3 de manera sonriente: \u201cLa gente, sobre todo mi familia, me dice: \u201cYa es hora de que pares. Ya lo has hecho todo. \u00bfPara qu\u00e9 quieres marcar 1000 goles?\u201d. Pero no lo creo. Creo que sigo aportando cosas buenas, estoy ayudando a mi club y a la selecci\u00f3n, \u00bfy por qu\u00e9 no seguir? Estoy seguro de que cuando termine, me sentir\u00e9 realizado, porque lo di todo. S\u00e9 que no me quedan muchos a\u00f1os, pero los pocos que tengo, intento disfrutarlos al m\u00e1ximo\u201d, asegur\u00f3.<\/p>\n","protected":false},"excerpt":{"rendered":"<p>El jugador portugu\u00e9s, m\u00e1ximo referente del f\u00fatbol mundial, est\u00e1 buscando romper el r\u00e9cord de los 1000 goles en torneos oficiales. El jugador Cristiano Ronaldo fue galardonado con el premio Globo Prestigio en la gala de los Globos de F\u00fatbol de Portugal, donde demostr\u00f3 su amor por la selecci\u00f3n de Portugal declarando que \u201csi pudiera, jugar\u00eda [&hellip;]<\/p>\n","protected":false},"author":1,"featured_media":94013,"comment_status":"closed","ping_status":"closed","sticky":false,"template":"","format":"standard","meta":{"footnotes":""},"categories":[38,30],"tags":[],"class_list":["post-94012","post","type-post","status-publish","format-standard","has-post-thumbnail","hentry","category-deportes","category-destacado"],"_links":{"self":[{"href":"https:\/\/elinformante.mx\/index.php?rest_route=\/wp\/v2\/posts\/94012","targetHints":{"allow":["GET"]}}],"collection":[{"href":"https:\/\/elinformante.mx\/index.php?rest_route=\/wp\/v2\/posts"}],"about":[{"href":"https:\/\/elinformante.mx\/index.php?rest_route=\/wp\/v2\/types\/post"}],"author":[{"embeddable":true,"href":"https:\/\/elinformante.mx\/index.php?rest_route=\/wp\/v2\/users\/1"}],"replies":[{"embeddable":true,"href":"https:\/\/elinformante.mx\/index.php?rest_route=%2Fwp%2Fv2%2Fcomments&post=94012"}],"version-history":[{"count":0,"href":"https:\/\/elinformante.mx\/index.php?rest_route=\/wp\/v2\/posts\/94012\/revisions"}],"wp:featuredmedia":[{"embeddable":true,"href":"https:\/\/elinformante.mx\/index.php?rest_route=\/wp\/v2\/media\/94013"}],"wp:attachment":[{"href":"https:\/\/elinformante.mx\/index.php?rest_route=%2Fwp%2Fv2%2Fmedia&parent=94012"}],"wp:term":[{"taxonomy":"category","embeddable":true,"href":"https:\/\/elinformante.mx\/index.php?rest_route=%2Fwp%2Fv2%2Fcategories&post=94012"},{"taxonomy":"post_tag","embeddable":true,"href":"https:\/\/elinformante.mx\/index.php?rest_route=%2Fwp%2Fv2%2Ftags&post=94012"}],"curies":[{"name":"wp","href":"https:\/\/api.w.org\/{rel}","templated":true}]}}