{"id":94025,"date":"2025-10-09T06:30:04","date_gmt":"2025-10-09T12:30:04","guid":{"rendered":"https:\/\/elinformante.mx\/?p=94025"},"modified":"2025-10-09T07:03:31","modified_gmt":"2025-10-09T13:03:31","slug":"dif-metepec-encabeza-entrega-de-canastas-alimentarias-familias-felices","status":"publish","type":"post","link":"https:\/\/elinformante.mx\/?p=94025","title":{"rendered":"DIF Metepec encabeza entrega de Canastas Alimentarias Familias Felices"},"content":{"rendered":"\n<figure class=\"wp-block-pullquote\"><blockquote><p>Durante el evento Ira\u00ed Albarr\u00e1n reafirm\u00f3 el enorme compromiso que mantiene el gobierno de Metepec de seguir trabajando con cercan\u00eda y resultados.<\/p><\/blockquote><\/figure>\n\n\n\n<p class=\"has-drop-cap\">En el municipio de Metepec contin\u00faan las entregas de los apoyos alimentarios Canastas Alimentarias \u201cFamilias Felices\u201d, en esta ocasi\u00f3n, el evento fue encabezado por la presidenta del DIF Metepec, la Lic, Ira\u00ed Albarr\u00e1n, quien acudi\u00f3 al Parque La Pila en donde se llev\u00f3 a cabo la jornada.<br><\/p>\n\n\n\n<p>Durante el evento y ante vecinos y vecinas de las colonias U. H. L\u00e1zaro C\u00e1rdenas, San Francisco Coaxusco, El H\u00edpico, Las Haciendas, Fuentes de San Gabriel, Rancho San Francisco, U. H. Andr\u00e9s Molina, San Jos\u00e9 La Pila, Izcalli Cuauht\u00e9moc I, II, IV, V y VI, Las Marinas, Rancho San Lucas, San Salvador Tizatlalli y Col. Agr\u00edcola Bellavista refrend\u00f3 el compromiso, que el presidente Fernando Flores Fern\u00e1ndez mantiene con los habitantes de Metepec.<br><\/p>\n\n\n\n<p>Se\u00f1al\u00f3: \u201cnuestro compromiso es apoyar a quienes m\u00e1s lo necesitan, por esa raz\u00f3n, llevamos a cabo la Entrega de Canastas Alimentarias \u201cFamilias Felices\u201d, con el \u00fanico fin de apoyar a la econom\u00eda de las familias metepequenses\u201d.<br><\/p>\n\n\n\n<figure class=\"wp-block-image size-large\"><img fetchpriority=\"high\" decoding=\"async\" width=\"1024\" height=\"506\" src=\"https:\/\/elinformante.mx\/wp-content\/uploads\/2025\/10\/11metepec-3-1-1024x506.jpg\" alt=\"\" class=\"wp-image-94026\" srcset=\"https:\/\/elinformante.mx\/wp-content\/uploads\/2025\/10\/11metepec-3-1-1024x506.jpg 1024w, https:\/\/elinformante.mx\/wp-content\/uploads\/2025\/10\/11metepec-3-1-300x148.jpg 300w, https:\/\/elinformante.mx\/wp-content\/uploads\/2025\/10\/11metepec-3-1-768x379.jpg 768w, https:\/\/elinformante.mx\/wp-content\/uploads\/2025\/10\/11metepec-3-1.jpg 1140w\" sizes=\"(max-width: 1024px) 100vw, 1024px\" \/><\/figure>\n\n\n\n<p>Durante el evento Ira\u00ed Albarr\u00e1n reafirm\u00f3 el enorme compromiso que mantiene el gobierno de Metepec de seguir trabajando con cercan\u00eda y resultados.<br><\/p>\n\n\n\n<p>Y afirm\u00f3 que en Metepec se cumple con hechos y respaldando a nuestras familias con acciones que hacen la diferencia.<br><\/p>\n\n\n\n<p>Record\u00f3 a los asistentes que cada apoyo representa un respiro en la econom\u00eda del hogar y la certeza de que en Metepec trabajamos para que nadie se quede sin un plato de sopa en la mesa.<br><\/p>\n\n\n\n<p>Finaliz\u00f3 se\u00f1alando que esta ruta no para, porque el gobierno de Metepec trabaja de la mano con el DIF Metepec para apoyar la salud y nutrici\u00f3n de los hogares metepequenses.<\/p>\n","protected":false},"excerpt":{"rendered":"<p>Durante el evento Ira\u00ed Albarr\u00e1n reafirm\u00f3 el enorme compromiso que mantiene el gobierno de Metepec de seguir trabajando con cercan\u00eda y resultados. En el municipio de Metepec contin\u00faan las entregas de los apoyos alimentarios Canastas Alimentarias \u201cFamilias Felices\u201d, en esta ocasi\u00f3n, el evento fue encabezado por la presidenta del DIF Metepec, la Lic, Ira\u00ed Albarr\u00e1n, [&hellip;]<\/p>\n","protected":false},"author":1,"featured_media":94045,"comment_status":"closed","ping_status":"closed","sticky":false,"template":"","format":"standard","meta":{"footnotes":""},"categories":[36],"tags":[],"class_list":["post-94025","post","type-post","status-publish","format-standard","has-post-thumbnail","hentry","category-edomex"],"_links":{"self":[{"href":"https:\/\/elinformante.mx\/index.php?rest_route=\/wp\/v2\/posts\/94025","targetHints":{"allow":["GET"]}}],"collection":[{"href":"https:\/\/elinformante.mx\/index.php?rest_route=\/wp\/v2\/posts"}],"about":[{"href":"https:\/\/elinformante.mx\/index.php?rest_route=\/wp\/v2\/types\/post"}],"author":[{"embeddable":true,"href":"https:\/\/elinformante.mx\/index.php?rest_route=\/wp\/v2\/users\/1"}],"replies":[{"embeddable":true,"href":"https:\/\/elinformante.mx\/index.php?rest_route=%2Fwp%2Fv2%2Fcomments&post=94025"}],"version-history":[{"count":0,"href":"https:\/\/elinformante.mx\/index.php?rest_route=\/wp\/v2\/posts\/94025\/revisions"}],"wp:featuredmedia":[{"embeddable":true,"href":"https:\/\/elinformante.mx\/index.php?rest_route=\/wp\/v2\/media\/94045"}],"wp:attachment":[{"href":"https:\/\/elinformante.mx\/index.php?rest_route=%2Fwp%2Fv2%2Fmedia&parent=94025"}],"wp:term":[{"taxonomy":"category","embeddable":true,"href":"https:\/\/elinformante.mx\/index.php?rest_route=%2Fwp%2Fv2%2Fcategories&post=94025"},{"taxonomy":"post_tag","embeddable":true,"href":"https:\/\/elinformante.mx\/index.php?rest_route=%2Fwp%2Fv2%2Ftags&post=94025"}],"curies":[{"name":"wp","href":"https:\/\/api.w.org\/{rel}","templated":true}]}}