{"id":94092,"date":"2025-10-10T05:41:26","date_gmt":"2025-10-10T11:41:26","guid":{"rendered":"https:\/\/elinformante.mx\/?p=94092"},"modified":"2025-10-10T05:41:31","modified_gmt":"2025-10-10T11:41:31","slug":"alejandra-guzman-es-operada-de-emergencia","status":"publish","type":"post","link":"https:\/\/elinformante.mx\/?p=94092","title":{"rendered":"Alejandra Guzm\u00e1n es operada de emergencia"},"content":{"rendered":"\n<figure class=\"wp-block-pullquote\"><blockquote><p>La cantante tuvo que ser intervenida quir\u00fargicamente por un problema en la columna vertebral.<\/p><\/blockquote><\/figure>\n\n\n\n<p class=\"has-drop-cap\">Se dio a conocer que la salud de la cantante Alejandra Guzm\u00e1n volvi\u00f3 a verse mermada, causando preocupaci\u00f3n entre sus seguidores.<br><\/p>\n\n\n\n<p>Y es que la intervenci\u00f3n se realiz\u00f3 en total hermetismo, en las \u00faltimas horas se inform\u00f3 que la cantante fue operada de emergencia de la columna vertebral,<br><\/p>\n\n\n\n<p>Este procedimiento que tom\u00f3 por sorpresa al mundo del espect\u00e1culo y que preocup\u00f3 tan a fans de la cantante como a medios de comunicaci\u00f3n que siguen de cerca la vida de la famosa.<br><\/p>\n\n\n\n<p>En los \u00faltimos a\u00f1os Alejandra ha enfrentado diversas complicaciones m\u00e9dicas derivadas de problemas en la espalda.<br><\/p>\n\n\n\n<p>Algunos medios fueron quienes dieron a conocer la situaci\u00f3n de la cantante, pero aseguraron que la operaci\u00f3n se realiz\u00f3 con \u00e9xito.<br><\/p>\n\n\n\n<p>Aunque no se han revelado los detalles cl\u00ednicos completos, se debe recordar que Alejandra Guzm\u00e1n hab\u00eda confesado hace unos meses sufrir de hernias discales, lo que sugiere que la operaci\u00f3n pudo estar relacionada con este padecimiento.<br><\/p>\n\n\n\n<p>En una entrevista de hace dos meses coment\u00f3 que ten\u00eda hernias discales, entonces supongo que fue una intervenci\u00f3n bastante delicada para poner ya todo en su lugar, a\u00f1adi\u00f3 la conductora.<br><\/p>\n\n\n\n<p>En las \u00faltimas horas se ha podido conocer que Alejandra Guzm\u00e1n se encuentra estable, en recuperaci\u00f3n y fuera de peligro.<br><\/p>\n\n\n\n<p>La noticia ha tra\u00eddo alivio a los seguidores de la llamada \u201cReina del Rock\u201d, quien en meses recientes hab\u00eda cancelado presentaciones por motivos de salud. Incluso su padre, el actor Enrique Guzm\u00e1n, hab\u00eda asegurado tiempo atr\u00e1s que su hija se encontraba mejorando, aunque evit\u00f3 dar mayores detalles.<br><\/p>\n\n\n\n<p>Hasta el momento, el equipo de Alejandra Guzm\u00e1n no ha emitido un comunicado formal, pero se espera que en las pr\u00f3ximas horas se d\u00e9 a conocer un parte m\u00e9dico completo con el diagn\u00f3stico y el plan de recuperaci\u00f3n de la int\u00e9rprete de la cantante.<br><\/p>\n\n\n\n<p>Mientras tanto, sus seguidores mantienen activa una ola de mensajes de apoyo en redes sociales, dese\u00e1ndole una pronta recuperaci\u00f3n y envi\u00e1ndole fuerza en este nuevo episodio m\u00e9dico que enfrenta.<\/p>\n","protected":false},"excerpt":{"rendered":"<p>La cantante tuvo que ser intervenida quir\u00fargicamente por un problema en la columna vertebral. Se dio a conocer que la salud de la cantante Alejandra Guzm\u00e1n volvi\u00f3 a verse mermada, causando preocupaci\u00f3n entre sus seguidores. Y es que la intervenci\u00f3n se realiz\u00f3 en total hermetismo, en las \u00faltimas horas se inform\u00f3 que la cantante fue [&hellip;]<\/p>\n","protected":false},"author":1,"featured_media":94093,"comment_status":"closed","ping_status":"closed","sticky":false,"template":"","format":"standard","meta":{"footnotes":""},"categories":[39],"tags":[],"class_list":["post-94092","post","type-post","status-publish","format-standard","has-post-thumbnail","hentry","category-espectaculos"],"_links":{"self":[{"href":"https:\/\/elinformante.mx\/index.php?rest_route=\/wp\/v2\/posts\/94092","targetHints":{"allow":["GET"]}}],"collection":[{"href":"https:\/\/elinformante.mx\/index.php?rest_route=\/wp\/v2\/posts"}],"about":[{"href":"https:\/\/elinformante.mx\/index.php?rest_route=\/wp\/v2\/types\/post"}],"author":[{"embeddable":true,"href":"https:\/\/elinformante.mx\/index.php?rest_route=\/wp\/v2\/users\/1"}],"replies":[{"embeddable":true,"href":"https:\/\/elinformante.mx\/index.php?rest_route=%2Fwp%2Fv2%2Fcomments&post=94092"}],"version-history":[{"count":0,"href":"https:\/\/elinformante.mx\/index.php?rest_route=\/wp\/v2\/posts\/94092\/revisions"}],"wp:featuredmedia":[{"embeddable":true,"href":"https:\/\/elinformante.mx\/index.php?rest_route=\/wp\/v2\/media\/94093"}],"wp:attachment":[{"href":"https:\/\/elinformante.mx\/index.php?rest_route=%2Fwp%2Fv2%2Fmedia&parent=94092"}],"wp:term":[{"taxonomy":"category","embeddable":true,"href":"https:\/\/elinformante.mx\/index.php?rest_route=%2Fwp%2Fv2%2Fcategories&post=94092"},{"taxonomy":"post_tag","embeddable":true,"href":"https:\/\/elinformante.mx\/index.php?rest_route=%2Fwp%2Fv2%2Ftags&post=94092"}],"curies":[{"name":"wp","href":"https:\/\/api.w.org\/{rel}","templated":true}]}}