{"id":94094,"date":"2025-10-10T05:43:06","date_gmt":"2025-10-10T11:43:06","guid":{"rendered":"https:\/\/elinformante.mx\/?p=94094"},"modified":"2025-10-10T05:43:20","modified_gmt":"2025-10-10T11:43:20","slug":"belinda-toma-acciones-legales-contra-lupillo-rivera","status":"publish","type":"post","link":"https:\/\/elinformante.mx\/?p=94094","title":{"rendered":"Belinda toma acciones legales contra Lupillo Rivera"},"content":{"rendered":"\n<figure class=\"wp-block-pullquote\"><blockquote><p>Despu\u00e9s de que el cantante de regional hiciera inc\u00f3modas confesiones, la cantante busca que la deje de mencionar.<\/p><\/blockquote><\/figure>\n\n\n\n<p class=\"has-drop-cap\">Contin\u00faa la controversia entre Belinda y Lupillo Rivera, y es que despu\u00e9s del lanzamiento del libro autobiogr\u00e1fico del cantante, \u201cTragos amargos\u201d, la incomodidad se hizo presente, ya que el cantante relata detalles \u00edntimos de su presunta relaci\u00f3n con la int\u00e9rprete de \u201cLuz sin gravedad\u201d.<br><\/p>\n\n\n\n<p>Pero lo que parec\u00eda una simple an\u00e9cdota, est\u00e1 se transform\u00f3 en un asunto legal, ya que medios han se\u00f1alado que la cantante interpuso una orden de apercibimiento contra el int\u00e9rprete de regional mexicano.<br><\/p>\n\n\n\n<p>Esta orden le proh\u00edbe a Lupillo Rivera ejercer cualquier tipo de violencia o conducta ofensiva en contra de Belinda, con el objetivo de salvaguardar su integridad psicol\u00f3gica mientras se desarrolla la carpeta de investigaci\u00f3n. Esta medida preventiva es utilizada para proteger a una v\u00edctima ante posibles actos de violencia, acoso o intimidaci\u00f3n.<br><\/p>\n\n\n\n<p>Para Lupillo Rivera esta orden la restringir\u00e1 de muchas acciones, por lo que deber\u00e1 abstenerse de realizar conductas ofensivas o intimidatorias hacia Belinda, adem\u00e1s de evitar cualquier contacto o comunicaci\u00f3n directa o indirecta con la cantante.<br><\/p>\n\n\n\n<p>Tambi\u00e9n tendr\u00e1 que eliminar de sus redes sociales (Facebook, Instagram, TikTok, entre otras) cualquier contenido que pueda representar un agravio hacia ella.<br><\/p>\n\n\n\n<p>Por su parte, Belinda deber\u00e1 someterse a tratamiento psicol\u00f3gico especializado, como parte del acompa\u00f1amiento estipulado en el documento judicial.<br><\/p>\n\n\n\n<p>El lanzamiento del libro de Lupillo Rivera, \u201cTragos amargos\u201d ha causado revuelo por declaraciones personales que el cantante hace sobre Belinda. En sus p\u00e1ginas, describe c\u00f3mo naci\u00f3 la atracci\u00f3n entre ambos, revelando gestos y momentos \u00edntimos que, seg\u00fan \u00e9l, marcaron su relaci\u00f3n.<br><\/p>\n\n\n\n<p>En algunas p\u00e1ginas el int\u00e9rprete tambi\u00e9n narra la intensidad con la que se desarroll\u00f3 su v\u00ednculo. En uno de los fragmentos m\u00e1s comentados es el del desayuno que Belinda le prepar\u00f3 personalmente, episodio que el cantante recuerda con mezcla de asombro y afecto. Para \u00e9l, ese gesto represent\u00f3 la pasi\u00f3n y control que caracterizaban su relaci\u00f3n:<br><\/p>\n\n\n\n<p>La medida legal interpuesta por Belinda podr\u00eda tener repercusiones directas sobre el contenido de \u201cTragos amargos\u201d, especialmente en los cap\u00edtulos donde el m\u00fasico hace alusi\u00f3n a su relaci\u00f3n con ella.<br><\/p>\n\n\n\n<p>A\u00fan no se tiene informes de si se tendr\u00e1 que modificar la edici\u00f3n del libro o en dado caso censurar algunas partes del libro. Sin embargo, el equipo legal de Belinda podr\u00eda solicitar el retiro o la edici\u00f3n de fragmentos que vulneren su derecho a la privacidad.<br><\/p>\n\n\n\n<p>Belinda ha preferido mantenerse al margen de declaraciones p\u00fablicas, dejando que el proceso legal hable por s\u00ed mismo.<\/p>\n","protected":false},"excerpt":{"rendered":"<p>Despu\u00e9s de que el cantante de regional hiciera inc\u00f3modas confesiones, la cantante busca que la deje de mencionar. Contin\u00faa la controversia entre Belinda y Lupillo Rivera, y es que despu\u00e9s del lanzamiento del libro autobiogr\u00e1fico del cantante, \u201cTragos amargos\u201d, la incomodidad se hizo presente, ya que el cantante relata detalles \u00edntimos de su presunta relaci\u00f3n [&hellip;]<\/p>\n","protected":false},"author":1,"featured_media":94095,"comment_status":"closed","ping_status":"closed","sticky":false,"template":"","format":"standard","meta":{"footnotes":""},"categories":[30,39],"tags":[],"class_list":["post-94094","post","type-post","status-publish","format-standard","has-post-thumbnail","hentry","category-destacado","category-espectaculos"],"_links":{"self":[{"href":"https:\/\/elinformante.mx\/index.php?rest_route=\/wp\/v2\/posts\/94094","targetHints":{"allow":["GET"]}}],"collection":[{"href":"https:\/\/elinformante.mx\/index.php?rest_route=\/wp\/v2\/posts"}],"about":[{"href":"https:\/\/elinformante.mx\/index.php?rest_route=\/wp\/v2\/types\/post"}],"author":[{"embeddable":true,"href":"https:\/\/elinformante.mx\/index.php?rest_route=\/wp\/v2\/users\/1"}],"replies":[{"embeddable":true,"href":"https:\/\/elinformante.mx\/index.php?rest_route=%2Fwp%2Fv2%2Fcomments&post=94094"}],"version-history":[{"count":0,"href":"https:\/\/elinformante.mx\/index.php?rest_route=\/wp\/v2\/posts\/94094\/revisions"}],"wp:featuredmedia":[{"embeddable":true,"href":"https:\/\/elinformante.mx\/index.php?rest_route=\/wp\/v2\/media\/94095"}],"wp:attachment":[{"href":"https:\/\/elinformante.mx\/index.php?rest_route=%2Fwp%2Fv2%2Fmedia&parent=94094"}],"wp:term":[{"taxonomy":"category","embeddable":true,"href":"https:\/\/elinformante.mx\/index.php?rest_route=%2Fwp%2Fv2%2Fcategories&post=94094"},{"taxonomy":"post_tag","embeddable":true,"href":"https:\/\/elinformante.mx\/index.php?rest_route=%2Fwp%2Fv2%2Ftags&post=94094"}],"curies":[{"name":"wp","href":"https:\/\/api.w.org\/{rel}","templated":true}]}}