{"id":94103,"date":"2025-10-10T05:51:45","date_gmt":"2025-10-10T11:51:45","guid":{"rendered":"https:\/\/elinformante.mx\/?p=94103"},"modified":"2025-10-10T05:51:56","modified_gmt":"2025-10-10T11:51:56","slug":"encabeza-saray-benitez-ceremonia-por-el-156-aniversario-de-mexicaltzingo","status":"publish","type":"post","link":"https:\/\/elinformante.mx\/?p=94103","title":{"rendered":"Encabeza Saray Ben\u00edtez ceremonia por el 156 aniversario de Mexicaltzingo"},"content":{"rendered":"\n<figure class=\"wp-block-pullquote\"><blockquote><p>Saray Ben\u00edtez asegur\u00f3 que todos y cada uno de los habitantes luchan, todos los d\u00edas, por un futuro m\u00e1s prometedor.<\/p><\/blockquote><\/figure>\n\n\n\n<p class=\"has-drop-cap\">La presidenta municipal de Mexicaltzingo, Saray Ben\u00edtez Espinosa, junto con su cabildo encabez\u00f3 la ceremonia conmemorativa por el 156 Aniversario de la fundaci\u00f3n del municipio, precisando a la poblaci\u00f3n que la grandeza del territorio es gracias a ellos y su extraordinario trabajo.<br><\/p>\n\n\n\n<p>Durante el evento la presidenta mencion\u00f3 a los asistentes que Mexicaltzingo es un territorio es extraordinario, \u00fanico y lleno de esperanza por el aporte y trabajo que realiza cada uno de sus habitantes.<br><\/p>\n\n\n\n<p>Al dirigirse a los j\u00f3venes asistentes, se\u00f1al\u00f3: \u201clas nuevas generaciones tienen un compromiso con sus familias y con el territorio que los vio formarse\u201d.<br><\/p>\n\n\n\n<p>\u201cEl porvenir est\u00e1 en sus manos, pero tambi\u00e9n en su coraz\u00f3n; les pido hablar y conducirse con verdad y valent\u00eda, ya que son valores de los que no pueden separarse\u201d.<br><\/p>\n\n\n\n<figure class=\"wp-block-image size-large\"><img fetchpriority=\"high\" decoding=\"async\" width=\"1024\" height=\"506\" src=\"https:\/\/elinformante.mx\/wp-content\/uploads\/2025\/10\/13mexi-1-1024x506.jpg\" alt=\"\" class=\"wp-image-94105\" srcset=\"https:\/\/elinformante.mx\/wp-content\/uploads\/2025\/10\/13mexi-1-1024x506.jpg 1024w, https:\/\/elinformante.mx\/wp-content\/uploads\/2025\/10\/13mexi-1-300x148.jpg 300w, https:\/\/elinformante.mx\/wp-content\/uploads\/2025\/10\/13mexi-1-768x379.jpg 768w, https:\/\/elinformante.mx\/wp-content\/uploads\/2025\/10\/13mexi-1.jpg 1140w\" sizes=\"(max-width: 1024px) 100vw, 1024px\" \/><\/figure>\n\n\n\n<p>Y reafirm\u00f3 que su gobierno se conduce con disciplina y con mucho compromiso de servicio a la poblaci\u00f3n. Sostuvo que la conmemoraci\u00f3n del municipio exige una reflexi\u00f3n para que todos sus habitantes miren al pasado, pero sobre todo al presente y futuro para seguir construyendo un presente m\u00e1s humano y solidario, un futuro m\u00e1s luminoso, m\u00e1s respetuoso para todas y para todos.<br><\/p>\n\n\n\n<p>Saray Ben\u00edtez asegur\u00f3 que todos y cada uno de los habitantes luchan, todos los d\u00edas, por un futuro m\u00e1s prometedor, y tanto campesinos, como comerciantes y trabajadores en general, junto con maestras y maestros y sus estudiantes, hace lo necesario para prosperar. En ese sentido, pidi\u00f3 a la poblaci\u00f3n no atender rumores, mentiras, ni hacer eco a descalificaciones.<br><\/p>\n\n\n\n<p>Y a\u00f1adi\u00f3 \u201choy m\u00e1s que nunca necesitamos volver a lo esencial, a la verdad, al di\u00e1logo y al respeto. Escuchar antes de juzgar, preguntar antes de atacar, buscar la paz es fundamental\u201d, concluy\u00f3.<br><\/p>\n\n\n\n<p>Durante el evento conmemorativo la presidenta estuvo acompa\u00f1ada por vecinas y vecinos, as\u00ed como de C\u00e9sar Faz Ruelas, Subsecretario de Desarrollo Municipal de Gobierno del Estado de M\u00e9xico y representante de la maestra Delfina G\u00f3mez; H\u00e9ctor Macedo Garc\u00eda, Presidente del Tribunal de Justicia estatal; Mar\u00eda del Carmen Espinoza Beltr\u00e1n; Regidores, Directores del Ayuntamiento y Alejandra Castro Nava y Jazm\u00edn Delgado L\u00f3pez, Presidentas Municipales de San Antonio La Isla y Chapultepec, respectivamente.<\/p>\n","protected":false},"excerpt":{"rendered":"<p>Saray Ben\u00edtez asegur\u00f3 que todos y cada uno de los habitantes luchan, todos los d\u00edas, por un futuro m\u00e1s prometedor. La presidenta municipal de Mexicaltzingo, Saray Ben\u00edtez Espinosa, junto con su cabildo encabez\u00f3 la ceremonia conmemorativa por el 156 Aniversario de la fundaci\u00f3n del municipio, precisando a la poblaci\u00f3n que la grandeza del territorio es [&hellip;]<\/p>\n","protected":false},"author":1,"featured_media":94104,"comment_status":"closed","ping_status":"closed","sticky":false,"template":"","format":"standard","meta":{"footnotes":""},"categories":[30,36],"tags":[],"class_list":["post-94103","post","type-post","status-publish","format-standard","has-post-thumbnail","hentry","category-destacado","category-edomex"],"_links":{"self":[{"href":"https:\/\/elinformante.mx\/index.php?rest_route=\/wp\/v2\/posts\/94103","targetHints":{"allow":["GET"]}}],"collection":[{"href":"https:\/\/elinformante.mx\/index.php?rest_route=\/wp\/v2\/posts"}],"about":[{"href":"https:\/\/elinformante.mx\/index.php?rest_route=\/wp\/v2\/types\/post"}],"author":[{"embeddable":true,"href":"https:\/\/elinformante.mx\/index.php?rest_route=\/wp\/v2\/users\/1"}],"replies":[{"embeddable":true,"href":"https:\/\/elinformante.mx\/index.php?rest_route=%2Fwp%2Fv2%2Fcomments&post=94103"}],"version-history":[{"count":0,"href":"https:\/\/elinformante.mx\/index.php?rest_route=\/wp\/v2\/posts\/94103\/revisions"}],"wp:featuredmedia":[{"embeddable":true,"href":"https:\/\/elinformante.mx\/index.php?rest_route=\/wp\/v2\/media\/94104"}],"wp:attachment":[{"href":"https:\/\/elinformante.mx\/index.php?rest_route=%2Fwp%2Fv2%2Fmedia&parent=94103"}],"wp:term":[{"taxonomy":"category","embeddable":true,"href":"https:\/\/elinformante.mx\/index.php?rest_route=%2Fwp%2Fv2%2Fcategories&post=94103"},{"taxonomy":"post_tag","embeddable":true,"href":"https:\/\/elinformante.mx\/index.php?rest_route=%2Fwp%2Fv2%2Ftags&post=94103"}],"curies":[{"name":"wp","href":"https:\/\/api.w.org\/{rel}","templated":true}]}}