{"id":94108,"date":"2025-10-10T05:56:22","date_gmt":"2025-10-10T11:56:22","guid":{"rendered":"https:\/\/elinformante.mx\/?p=94108"},"modified":"2025-10-10T05:56:39","modified_gmt":"2025-10-10T11:56:39","slug":"inicia-manuel-vilchis-construccion-de-kiosco-y-plaza-civica-en-san-bartolo","status":"publish","type":"post","link":"https:\/\/elinformante.mx\/?p=94108","title":{"rendered":"Inicia Manuel Vilchis construcci\u00f3n de kiosco y plaza c\u00edvica en San Bartolo"},"content":{"rendered":"\n<figure class=\"wp-block-pullquote\"><blockquote><p>indic\u00f3 que con voluntad se encuentran las maneras para que las cosas se puedan hacer en favor de todas y todos.<\/p><\/blockquote><\/figure>\n\n\n\n<p class=\"has-drop-cap\">Manuel Vilchis Viveros, presidente municipal de Zinacantepec, llev\u00f3 a cabo la supervisi\u00f3n en el arranque de obra para la construcci\u00f3n de un kiosco y la plaza c\u00edvica en la delegaci\u00f3n de San Bartolo El Llano de Santa Mar\u00eda del Monte.<br><\/p>\n\n\n\n<p>Ante vecinas y vecinos del lugar, Vilchis Viveros reafirm\u00f3 su compromiso por seguir construyendo espacios dignos para las y los ciudadanos, resaltando que este espaci\u00f3 ser\u00e1 un punto de encuentro para la comunidad, donde las familias podr\u00e1n convivir, fortalecer lazos y disfrutar de actividades culturales y sociales.<br><\/p>\n\n\n\n<p>Durante la revisi\u00f3n Vilchis Viveros indic\u00f3 que a\u00fan falta mucho por hacer, pero con voluntad se encuentran las maneras para que las cosas se puedan hacer en favor de todas y todos.<br><\/p>\n\n\n\n<figure class=\"wp-block-image size-large\"><img fetchpriority=\"high\" decoding=\"async\" width=\"1024\" height=\"506\" src=\"https:\/\/elinformante.mx\/wp-content\/uploads\/2025\/10\/12zina-2-1-1024x506.jpg\" alt=\"\" class=\"wp-image-94110\" srcset=\"https:\/\/elinformante.mx\/wp-content\/uploads\/2025\/10\/12zina-2-1-1024x506.jpg 1024w, https:\/\/elinformante.mx\/wp-content\/uploads\/2025\/10\/12zina-2-1-300x148.jpg 300w, https:\/\/elinformante.mx\/wp-content\/uploads\/2025\/10\/12zina-2-1-768x379.jpg 768w, https:\/\/elinformante.mx\/wp-content\/uploads\/2025\/10\/12zina-2-1.jpg 1140w\" sizes=\"(max-width: 1024px) 100vw, 1024px\" \/><\/figure>\n\n\n\n<p>Mientras manten\u00eda conversaciones con vecinos del lugar, les reafirm\u00f3 que su gobierno mantiene la consigan de: \u201cEscuchar, reunirse y cumplir con los compromisos y atender las solicitudes de otros proyectos y necesidades de nuestra gente es parte de nuestro trabajo cotidiano, porque Zinacantepec sigue avanzando con obras que unen y transforman\u201d.<br><\/p>\n\n\n\n<p>Destac\u00f3 los beneficios que ha tra\u00eddo al municipio el \u201cPrograma Permanente de Bacheo\u201d, donde se atienden distintas zonas de la comunidad del municipio, reparando los tramos m\u00e1s afectados o apoyando en el rastreo de caminos, para que en el Pueblo con Encanto est\u00e9n sus calles en buen estado y la movilidad m\u00e1s segura para todas y todos, alcanzando siete mil metros cuadrados atendidos.<br><\/p>\n\n\n\n<p>\u201cSabemos que falta por hacer, pero paso a paso, seguimos avanzando con resultados que se notan. Agradecemos a las y los vecinos su comprensi\u00f3n por las molestias moment\u00e1neas que pueden generar estos trabajos que son en beneficio de todas y todos\u201d, indic\u00f3.<\/p>\n","protected":false},"excerpt":{"rendered":"<p>indic\u00f3 que con voluntad se encuentran las maneras para que las cosas se puedan hacer en favor de todas y todos. Manuel Vilchis Viveros, presidente municipal de Zinacantepec, llev\u00f3 a cabo la supervisi\u00f3n en el arranque de obra para la construcci\u00f3n de un kiosco y la plaza c\u00edvica en la delegaci\u00f3n de San Bartolo El [&hellip;]<\/p>\n","protected":false},"author":1,"featured_media":94109,"comment_status":"closed","ping_status":"closed","sticky":false,"template":"","format":"standard","meta":{"footnotes":""},"categories":[30,36],"tags":[],"class_list":["post-94108","post","type-post","status-publish","format-standard","has-post-thumbnail","hentry","category-destacado","category-edomex"],"_links":{"self":[{"href":"https:\/\/elinformante.mx\/index.php?rest_route=\/wp\/v2\/posts\/94108","targetHints":{"allow":["GET"]}}],"collection":[{"href":"https:\/\/elinformante.mx\/index.php?rest_route=\/wp\/v2\/posts"}],"about":[{"href":"https:\/\/elinformante.mx\/index.php?rest_route=\/wp\/v2\/types\/post"}],"author":[{"embeddable":true,"href":"https:\/\/elinformante.mx\/index.php?rest_route=\/wp\/v2\/users\/1"}],"replies":[{"embeddable":true,"href":"https:\/\/elinformante.mx\/index.php?rest_route=%2Fwp%2Fv2%2Fcomments&post=94108"}],"version-history":[{"count":0,"href":"https:\/\/elinformante.mx\/index.php?rest_route=\/wp\/v2\/posts\/94108\/revisions"}],"wp:featuredmedia":[{"embeddable":true,"href":"https:\/\/elinformante.mx\/index.php?rest_route=\/wp\/v2\/media\/94109"}],"wp:attachment":[{"href":"https:\/\/elinformante.mx\/index.php?rest_route=%2Fwp%2Fv2%2Fmedia&parent=94108"}],"wp:term":[{"taxonomy":"category","embeddable":true,"href":"https:\/\/elinformante.mx\/index.php?rest_route=%2Fwp%2Fv2%2Fcategories&post=94108"},{"taxonomy":"post_tag","embeddable":true,"href":"https:\/\/elinformante.mx\/index.php?rest_route=%2Fwp%2Fv2%2Ftags&post=94108"}],"curies":[{"name":"wp","href":"https:\/\/api.w.org\/{rel}","templated":true}]}}