{"id":94114,"date":"2025-10-10T06:02:35","date_gmt":"2025-10-10T12:02:35","guid":{"rendered":"https:\/\/elinformante.mx\/?p=94114"},"modified":"2025-10-10T06:03:32","modified_gmt":"2025-10-10T12:03:32","slug":"fernando-flores-da-inicio-al-35-festival-internacional-de-arte-y-cultura-quimera-2025","status":"publish","type":"post","link":"https:\/\/elinformante.mx\/?p=94114","title":{"rendered":"Fernando Flores da inicio al 35\u00b0 Festival Internacional de Arte y Cultura Quimera 2025"},"content":{"rendered":"\n<figure class=\"wp-block-pullquote\"><blockquote><p>Se implementar\u00e1 un operativo especial de seguridad con el objetivo de garantizar un ambiente seguro y ordenado para habitantes y visitantes.<\/p><\/blockquote><\/figure>\n\n\n\n<p class=\"has-drop-cap\">En medio de un ambiente lleno de entusiasmo y orgullo, el presidente municipal de Metepec, Fernando Flores Fern\u00e1ndez, encabez\u00f3 el inicio de la edici\u00f3n n\u00famero 35 del Festival Internacional de Arte y Cultura Quimera 2025, uno de los eventos culturales m\u00e1s representativos del Estado de M\u00e9xico.<br><\/p>\n\n\n\n<p>Este evento convertir\u00e1 durante diez d\u00edas, las calles, plazas y espacios p\u00fablicos de Metepec en escenarios para la m\u00fasica, la danza, el teatro, las artes visuales y diversas expresiones culturales que convocan tanto a artistas nacionales como internacionales.<br><\/p>\n\n\n\n<p>Flores Fern\u00e1ndez destac\u00f3 la importancia de esta celebraci\u00f3n para la identidad cultural de Metepec. \u201cQuimera naci\u00f3 del coraz\u00f3n de nuestra gente y hoy sigue creciendo, llevando el nombre de nuestro municipio a lo m\u00e1s alto. Este festival es una tradici\u00f3n que une, inspira y celebra lo que somos\u201d, expres\u00f3 el edil.<br><\/p>\n\n\n\n<p>Durante el evento se\u00f1al\u00f3 que durante estos d\u00edas se implementar\u00e1 un operativo especial de seguridad que contar\u00e1 con la participaci\u00f3n de m\u00e1s de 300 elementos de distintas corporaciones con el objetivo de garantizar un ambiente seguro y ordenado para habitantes y visitantes.<br><\/p>\n\n\n\n<figure class=\"wp-block-image size-large\"><img fetchpriority=\"high\" decoding=\"async\" width=\"1024\" height=\"506\" src=\"https:\/\/elinformante.mx\/wp-content\/uploads\/2025\/10\/11metepec-6-1024x506.jpg\" alt=\"\" class=\"wp-image-94116\" srcset=\"https:\/\/elinformante.mx\/wp-content\/uploads\/2025\/10\/11metepec-6-1024x506.jpg 1024w, https:\/\/elinformante.mx\/wp-content\/uploads\/2025\/10\/11metepec-6-300x148.jpg 300w, https:\/\/elinformante.mx\/wp-content\/uploads\/2025\/10\/11metepec-6-768x379.jpg 768w, https:\/\/elinformante.mx\/wp-content\/uploads\/2025\/10\/11metepec-6.jpg 1140w\" sizes=\"(max-width: 1024px) 100vw, 1024px\" \/><\/figure>\n\n\n\n<p>En el despliegue participan 150 oficiales de la Polic\u00eda Municipal, 150 agentes de la Secretar\u00eda de Seguridad del Estado de M\u00e9xico y efectivos de la Guardia Nacional, quienes realizar\u00e1n patrullajes en las zonas perif\u00e9ricas del municipio.<br><\/p>\n\n\n\n<p>Adem\u00e1s se har\u00e1 uso de tecnolog\u00eda de vigilancia avanzada, como drones de patrullaje a\u00e9reo, dos torres de videovigilancia conectadas al Centro de Mando, y 37 c\u00e1maras adicionales instaladas en el primer cuadro de la ciudad, donde se espera la mayor concentraci\u00f3n de p\u00fablico. Tambi\u00e9n se\u00f1al\u00f3 Flores Fern\u00e1ndez que un grupo de inteligencia trabajar\u00e1 de forma encubierta para detectar y prevenir posibles incidentes.<br><\/p>\n\n\n\n<p>Reafirm\u00f3 que el programa de alcohol\u00edmetro permanecer\u00e1 activo en las principales vialidades, con la finalidad de prevenir accidentes y promover una convivencia responsable durante el festival.<br><\/p>\n\n\n\n<p>\u201cQueremos que Quimera 2025 sea una fiesta segura, familiar y llena de alegr\u00eda. Estamos listos para recibir a miles de visitantes que disfrutar\u00e1n de un programa cultural diverso, pensado para todos los gustos y edades\u201d, se\u00f1al\u00f3 Flores Fern\u00e1ndez.<\/p>\n","protected":false},"excerpt":{"rendered":"<p>Se implementar\u00e1 un operativo especial de seguridad con el objetivo de garantizar un ambiente seguro y ordenado para habitantes y visitantes. En medio de un ambiente lleno de entusiasmo y orgullo, el presidente municipal de Metepec, Fernando Flores Fern\u00e1ndez, encabez\u00f3 el inicio de la edici\u00f3n n\u00famero 35 del Festival Internacional de Arte y Cultura Quimera [&hellip;]<\/p>\n","protected":false},"author":1,"featured_media":94115,"comment_status":"closed","ping_status":"closed","sticky":false,"template":"","format":"standard","meta":{"footnotes":""},"categories":[30,36],"tags":[],"class_list":["post-94114","post","type-post","status-publish","format-standard","has-post-thumbnail","hentry","category-destacado","category-edomex"],"_links":{"self":[{"href":"https:\/\/elinformante.mx\/index.php?rest_route=\/wp\/v2\/posts\/94114","targetHints":{"allow":["GET"]}}],"collection":[{"href":"https:\/\/elinformante.mx\/index.php?rest_route=\/wp\/v2\/posts"}],"about":[{"href":"https:\/\/elinformante.mx\/index.php?rest_route=\/wp\/v2\/types\/post"}],"author":[{"embeddable":true,"href":"https:\/\/elinformante.mx\/index.php?rest_route=\/wp\/v2\/users\/1"}],"replies":[{"embeddable":true,"href":"https:\/\/elinformante.mx\/index.php?rest_route=%2Fwp%2Fv2%2Fcomments&post=94114"}],"version-history":[{"count":0,"href":"https:\/\/elinformante.mx\/index.php?rest_route=\/wp\/v2\/posts\/94114\/revisions"}],"wp:featuredmedia":[{"embeddable":true,"href":"https:\/\/elinformante.mx\/index.php?rest_route=\/wp\/v2\/media\/94115"}],"wp:attachment":[{"href":"https:\/\/elinformante.mx\/index.php?rest_route=%2Fwp%2Fv2%2Fmedia&parent=94114"}],"wp:term":[{"taxonomy":"category","embeddable":true,"href":"https:\/\/elinformante.mx\/index.php?rest_route=%2Fwp%2Fv2%2Fcategories&post=94114"},{"taxonomy":"post_tag","embeddable":true,"href":"https:\/\/elinformante.mx\/index.php?rest_route=%2Fwp%2Fv2%2Ftags&post=94114"}],"curies":[{"name":"wp","href":"https:\/\/api.w.org\/{rel}","templated":true}]}}