{"id":94128,"date":"2025-10-10T06:25:17","date_gmt":"2025-10-10T12:25:17","guid":{"rendered":"https:\/\/elinformante.mx\/?p=94128"},"modified":"2025-10-10T06:25:22","modified_gmt":"2025-10-10T12:25:22","slug":"delfina-gomez-impulsa-estrategia-para-proteger-a-la-ninez-del-edomex","status":"publish","type":"post","link":"https:\/\/elinformante.mx\/?p=94128","title":{"rendered":"Delfina G\u00f3mez impulsa estrategia para proteger a la ni\u00f1ez del Edom\u00e9x"},"content":{"rendered":"\n<figure class=\"wp-block-pullquote\"><blockquote><p>-Bajo cuatro ejes prioritarios \u2014educaci\u00f3n, salud, bienestar y protecci\u00f3n\u2014 se fortalecer\u00e1n los derechos de ni\u00f1as, ni\u00f1os y adolescentes (NNA).<\/p><\/blockquote><\/figure>\n\n\n\n<p class=\"has-drop-cap\">Con el objetivo de garantizar entornos seguros y oportunidades reales para NNA, la Gobernadora Delfina G\u00f3mez \u00c1lvarez puso en marcha la estrategia \u201cTerritorios de Justicia\u201d, mediante la cual el Gobierno del Estado de M\u00e9xico llevar\u00e1 servicios, apoyos y actividades integrales a comunidades con mayores \u00edndices de vulnerabilidad.<br><\/p>\n\n\n\n<p>Impulsada por la Secretar\u00eda de las Mujeres (SeMujeres), a trav\u00e9s de la Secretar\u00eda Ejecutiva del Sistema de Protecci\u00f3n Integral de Ni\u00f1as, Ni\u00f1os y Adolescentes (SIPINNA), esta acci\u00f3n re\u00fane a 18 dependencias estatales y organizaciones civiles para brindar atenci\u00f3n directa a infancias, adolescencias y familias.<br><\/p>\n\n\n\n<figure class=\"wp-block-image size-large\"><img fetchpriority=\"high\" decoding=\"async\" width=\"1024\" height=\"506\" src=\"https:\/\/elinformante.mx\/wp-content\/uploads\/2025\/10\/8delfina-2-3-1024x506.jpg\" alt=\"\" class=\"wp-image-94130\" srcset=\"https:\/\/elinformante.mx\/wp-content\/uploads\/2025\/10\/8delfina-2-3-1024x506.jpg 1024w, https:\/\/elinformante.mx\/wp-content\/uploads\/2025\/10\/8delfina-2-3-300x148.jpg 300w, https:\/\/elinformante.mx\/wp-content\/uploads\/2025\/10\/8delfina-2-3-768x379.jpg 768w, https:\/\/elinformante.mx\/wp-content\/uploads\/2025\/10\/8delfina-2-3.jpg 1140w\" sizes=\"(max-width: 1024px) 100vw, 1024px\" \/><\/figure>\n\n\n\n<p>M\u00f3nica Ch\u00e1vez Dur\u00e1n, titular de SeMujeres, se\u00f1al\u00f3 que las jornadas permitir\u00e1n escuchar, orientar y acompa\u00f1ar a las y los menores en temas de educaci\u00f3n, salud, convivencia y autocuidado. \u201cNecesitamos que nuestras NNA crezcan libres de violencia, con respeto e igualdad. Es responsabilidad de todas y todos garantizarlo\u201d, afirm\u00f3.<br><\/p>\n\n\n\n<p>La estrategia se articula bajo cuatro ejes: Educaci\u00f3n con escuelas dignas y seguras; Salud, mediante acceso a alimentaci\u00f3n de calidad; Bienestar, con espacios de participaci\u00f3n para NNA; y Protecci\u00f3n, para asegurar una vida libre de violencias.<br><\/p>\n\n\n\n<figure class=\"wp-block-image size-large\"><img decoding=\"async\" width=\"1024\" height=\"506\" src=\"https:\/\/elinformante.mx\/wp-content\/uploads\/2025\/10\/8delfina-7-1024x506.jpg\" alt=\"\" class=\"wp-image-94131\" srcset=\"https:\/\/elinformante.mx\/wp-content\/uploads\/2025\/10\/8delfina-7-1024x506.jpg 1024w, https:\/\/elinformante.mx\/wp-content\/uploads\/2025\/10\/8delfina-7-300x148.jpg 300w, https:\/\/elinformante.mx\/wp-content\/uploads\/2025\/10\/8delfina-7-768x379.jpg 768w, https:\/\/elinformante.mx\/wp-content\/uploads\/2025\/10\/8delfina-7.jpg 1140w\" sizes=\"(max-width: 1024px) 100vw, 1024px\" \/><\/figure>\n\n\n\n<p>Las actividades incluyen din\u00e1micas l\u00fadicas, talleres de crianza positiva y acompa\u00f1amiento psicol\u00f3gico y comunitario.<br><\/p>\n\n\n\n<p>Con \u201cTerritorios de Justicia\u201d, el Gobierno del Estado de M\u00e9xico reafirma su compromiso de cuidar, escuchar y proteger a cada NNA mexiquense, colocando a la infancia en el centro de la transformaci\u00f3n social.<\/p>\n\n\n\n<figure class=\"wp-block-image size-large\"><img decoding=\"async\" width=\"1024\" height=\"506\" src=\"https:\/\/elinformante.mx\/wp-content\/uploads\/2025\/10\/8delfina-5-1-1024x506.jpg\" alt=\"\" class=\"wp-image-94132\" srcset=\"https:\/\/elinformante.mx\/wp-content\/uploads\/2025\/10\/8delfina-5-1-1024x506.jpg 1024w, https:\/\/elinformante.mx\/wp-content\/uploads\/2025\/10\/8delfina-5-1-300x148.jpg 300w, https:\/\/elinformante.mx\/wp-content\/uploads\/2025\/10\/8delfina-5-1-768x379.jpg 768w, https:\/\/elinformante.mx\/wp-content\/uploads\/2025\/10\/8delfina-5-1.jpg 1140w\" sizes=\"(max-width: 1024px) 100vw, 1024px\" \/><\/figure>\n","protected":false},"excerpt":{"rendered":"<p>-Bajo cuatro ejes prioritarios \u2014educaci\u00f3n, salud, bienestar y protecci\u00f3n\u2014 se fortalecer\u00e1n los derechos de ni\u00f1as, ni\u00f1os y adolescentes (NNA). Con el objetivo de garantizar entornos seguros y oportunidades reales para NNA, la Gobernadora Delfina G\u00f3mez \u00c1lvarez puso en marcha la estrategia \u201cTerritorios de Justicia\u201d, mediante la cual el Gobierno del Estado de M\u00e9xico llevar\u00e1 servicios, [&hellip;]<\/p>\n","protected":false},"author":1,"featured_media":94129,"comment_status":"closed","ping_status":"closed","sticky":false,"template":"","format":"standard","meta":{"footnotes":""},"categories":[30,36,31],"tags":[46],"class_list":["post-94128","post","type-post","status-publish","format-standard","has-post-thumbnail","hentry","category-destacado","category-edomex","category-portada","tag-portadaedomex"],"_links":{"self":[{"href":"https:\/\/elinformante.mx\/index.php?rest_route=\/wp\/v2\/posts\/94128","targetHints":{"allow":["GET"]}}],"collection":[{"href":"https:\/\/elinformante.mx\/index.php?rest_route=\/wp\/v2\/posts"}],"about":[{"href":"https:\/\/elinformante.mx\/index.php?rest_route=\/wp\/v2\/types\/post"}],"author":[{"embeddable":true,"href":"https:\/\/elinformante.mx\/index.php?rest_route=\/wp\/v2\/users\/1"}],"replies":[{"embeddable":true,"href":"https:\/\/elinformante.mx\/index.php?rest_route=%2Fwp%2Fv2%2Fcomments&post=94128"}],"version-history":[{"count":0,"href":"https:\/\/elinformante.mx\/index.php?rest_route=\/wp\/v2\/posts\/94128\/revisions"}],"wp:featuredmedia":[{"embeddable":true,"href":"https:\/\/elinformante.mx\/index.php?rest_route=\/wp\/v2\/media\/94129"}],"wp:attachment":[{"href":"https:\/\/elinformante.mx\/index.php?rest_route=%2Fwp%2Fv2%2Fmedia&parent=94128"}],"wp:term":[{"taxonomy":"category","embeddable":true,"href":"https:\/\/elinformante.mx\/index.php?rest_route=%2Fwp%2Fv2%2Fcategories&post=94128"},{"taxonomy":"post_tag","embeddable":true,"href":"https:\/\/elinformante.mx\/index.php?rest_route=%2Fwp%2Fv2%2Ftags&post=94128"}],"curies":[{"name":"wp","href":"https:\/\/api.w.org\/{rel}","templated":true}]}}