{"id":94133,"date":"2025-10-10T06:29:01","date_gmt":"2025-10-10T12:29:01","guid":{"rendered":"https:\/\/elinformante.mx\/?p=94133"},"modified":"2025-10-10T06:29:07","modified_gmt":"2025-10-10T12:29:07","slug":"refuerza-lopez-casarin-atencion-vecinal-en-colonias-de-la-demarcacion","status":"publish","type":"post","link":"https:\/\/elinformante.mx\/?p=94133","title":{"rendered":"Refuerza L\u00f3pez Casar\u00edn atenci\u00f3n vecinal en colonias de la demarcaci\u00f3n"},"content":{"rendered":"\n<figure class=\"wp-block-pullquote\"><blockquote><p>Subray\u00f3 que la presencia constante en territorio permite conocer de primera mano las necesidades locales y construir soluciones conjuntas.<\/p><\/blockquote><\/figure>\n\n\n\n<p class=\"has-drop-cap\">Javier L\u00f3pez Casar\u00edn, Alcalde en \u00c1lvaro Obreg\u00f3n, encabez\u00f3 un recorrido por diversas colonias de la demarcaci\u00f3n con el objetivo de escuchar de manera directa las inquietudes de vecinas y vecinos, fortalecer la atenci\u00f3n ciudadana y consolidar un modelo de gobierno basado en la cercan\u00eda y la presencia territorial.<br><\/p>\n\n\n\n<p>El recorrido inici\u00f3 en la zona conocida como El Queso y continu\u00f3 por las colonias Tlacuitlapa Segunda Secci\u00f3n, Reacomodo y Zotoltitla, donde camin\u00f3 junto a habitantes por canchas deportivas, casas del adulto mayor y \u00e1reas comunitarias, que representan puntos de encuentro social y participaci\u00f3n ciudadana.<br><\/p>\n\n\n\n<figure class=\"wp-block-image size-large\"><img fetchpriority=\"high\" decoding=\"async\" width=\"1024\" height=\"506\" src=\"https:\/\/elinformante.mx\/wp-content\/uploads\/2025\/10\/6refuerza-2-1024x506.jpg\" alt=\"\" class=\"wp-image-94135\" srcset=\"https:\/\/elinformante.mx\/wp-content\/uploads\/2025\/10\/6refuerza-2-1024x506.jpg 1024w, https:\/\/elinformante.mx\/wp-content\/uploads\/2025\/10\/6refuerza-2-300x148.jpg 300w, https:\/\/elinformante.mx\/wp-content\/uploads\/2025\/10\/6refuerza-2-768x379.jpg 768w, https:\/\/elinformante.mx\/wp-content\/uploads\/2025\/10\/6refuerza-2.jpg 1140w\" sizes=\"(max-width: 1024px) 100vw, 1024px\" \/><\/figure>\n\n\n\n<p>Durante la jornada, L\u00f3pez Casar\u00edn subray\u00f3 que la presencia constante en territorio permite conocer de primera mano las necesidades locales y construir soluciones conjuntas que mejoren la calidad de vida en las comunidades.<br><\/p>\n\n\n\n<p>La Alcald\u00eda inform\u00f3 que estas visitas se enmarcan en la estrategia permanente de atenci\u00f3n ciudadana impulsada por el gobierno de \u00c1lvaro Obreg\u00f3n, la cual busca fortalecer los lazos de confianza entre autoridades y comunidad mediante la escucha activa, la evaluaci\u00f3n directa de los espacios p\u00fablicos y la coordinaci\u00f3n con las \u00e1reas operativas para dar respuesta inmediata a las solicitudes vecinales.<br><\/p>\n\n\n\n<p>Con estas acciones, el alcalde Javier L\u00f3pez Casar\u00edn consolida un modelo de gesti\u00f3n centrado en la cercan\u00eda, la atenci\u00f3n directa y la participaci\u00f3n social, reafirmando que la transformaci\u00f3n de \u00c1lvaro Obreg\u00f3n se construye escuchando y trabajando de la mano con su gente.<\/p>\n\n\n\n<p><\/p>\n","protected":false},"excerpt":{"rendered":"<p>Subray\u00f3 que la presencia constante en territorio permite conocer de primera mano las necesidades locales y construir soluciones conjuntas. Javier L\u00f3pez Casar\u00edn, Alcalde en \u00c1lvaro Obreg\u00f3n, encabez\u00f3 un recorrido por diversas colonias de la demarcaci\u00f3n con el objetivo de escuchar de manera directa las inquietudes de vecinas y vecinos, fortalecer la atenci\u00f3n ciudadana y consolidar [&hellip;]<\/p>\n","protected":false},"author":1,"featured_media":94134,"comment_status":"closed","ping_status":"closed","sticky":false,"template":"","format":"standard","meta":{"footnotes":""},"categories":[35],"tags":[],"class_list":["post-94133","post","type-post","status-publish","format-standard","has-post-thumbnail","hentry","category-cdmx"],"_links":{"self":[{"href":"https:\/\/elinformante.mx\/index.php?rest_route=\/wp\/v2\/posts\/94133","targetHints":{"allow":["GET"]}}],"collection":[{"href":"https:\/\/elinformante.mx\/index.php?rest_route=\/wp\/v2\/posts"}],"about":[{"href":"https:\/\/elinformante.mx\/index.php?rest_route=\/wp\/v2\/types\/post"}],"author":[{"embeddable":true,"href":"https:\/\/elinformante.mx\/index.php?rest_route=\/wp\/v2\/users\/1"}],"replies":[{"embeddable":true,"href":"https:\/\/elinformante.mx\/index.php?rest_route=%2Fwp%2Fv2%2Fcomments&post=94133"}],"version-history":[{"count":0,"href":"https:\/\/elinformante.mx\/index.php?rest_route=\/wp\/v2\/posts\/94133\/revisions"}],"wp:featuredmedia":[{"embeddable":true,"href":"https:\/\/elinformante.mx\/index.php?rest_route=\/wp\/v2\/media\/94134"}],"wp:attachment":[{"href":"https:\/\/elinformante.mx\/index.php?rest_route=%2Fwp%2Fv2%2Fmedia&parent=94133"}],"wp:term":[{"taxonomy":"category","embeddable":true,"href":"https:\/\/elinformante.mx\/index.php?rest_route=%2Fwp%2Fv2%2Fcategories&post=94133"},{"taxonomy":"post_tag","embeddable":true,"href":"https:\/\/elinformante.mx\/index.php?rest_route=%2Fwp%2Fv2%2Ftags&post=94133"}],"curies":[{"name":"wp","href":"https:\/\/api.w.org\/{rel}","templated":true}]}}