{"id":94136,"date":"2025-10-10T06:30:44","date_gmt":"2025-10-10T12:30:44","guid":{"rendered":"https:\/\/elinformante.mx\/?p=94136"},"modified":"2025-10-10T06:30:51","modified_gmt":"2025-10-10T12:30:51","slug":"alcaldia-benito-juarez-punta-de-lanza-en-atencion-a-adultos-mayores-alcalde-luis-mendoza","status":"publish","type":"post","link":"https:\/\/elinformante.mx\/?p=94136","title":{"rendered":"Alcald\u00eda Benito Ju\u00e1rez, punta de lanza en atenci\u00f3n a adultos mayores: alcalde Luis Mendoza"},"content":{"rendered":"\n<figure class=\"wp-block-pullquote\"><blockquote><p>Record\u00f3 que el CECAM es un proyecto nacido orgullosamente en Benito Ju\u00e1rez.<\/p><\/blockquote><\/figure>\n\n\n\n<p class=\"has-drop-cap\">La alcald\u00eda Benito Ju\u00e1rez celebr\u00f3 el 14 aniversario del Centro de Educaci\u00f3n Continua para el Adulto Mayor (CECAM), plantel Mixcoac, y el alcalde Luis Mendoza, reafirm\u00f3 su compromiso de continuar impulsando espacios para este sector de la poblaci\u00f3n con la finalidad de que se desarrollen en el \u00e1mbito personal y social, como ha sucedido en m\u00e1s de una d\u00e9cada.<br><\/p>\n\n\n\n<p>\u201cYa son 14 a\u00f1os, se dice f\u00e1cil, pero es un camino largo y los que nos faltan para que dejemos las bases para este lugar, que aqu\u00ed ha sido el nacimiento. No es una instalaci\u00f3n, sino una comunidad y los vecinos que somos de Benito Ju\u00e1rez, eso es lo m\u00e1s importante, los mejores vecinos y los mejores ciudadanos, se los puedo asegurar, estamos en Benito Ju\u00e1rez\u201d, extern\u00f3 el alcalde y afirm\u00f3 que su intenci\u00f3n es continuar promoviendo el desarrollo humano, crecimiento, ocupaci\u00f3n y compa\u00f1\u00eda, para los adultos mayores.<br><\/p>\n\n\n\n<p>El alcalde Luis Mendoza record\u00f3 que el CECAM es un proyecto nacido orgullosamente en Benito Ju\u00e1rez, lo que vuelve a la demarcaci\u00f3n un ejemplo de c\u00f3mo generar iniciativas donde se integran a todos los sectores de la sociedad.<br><\/p>\n\n\n\n<p>La demarcaci\u00f3n cuenta con dos planteles CECAM, Cumbres y Mixcoac, espacios de convivencia que atienden a m\u00e1s de 1,300 personas de la tercera edad anualmente y donde realizan actividades educativas, culturales, art\u00edsticas, tecnol\u00f3gicas, de desarrollo humano y activaci\u00f3n f\u00edsica.<br><\/p>\n\n\n\n<figure class=\"wp-block-image size-large\"><img fetchpriority=\"high\" decoding=\"async\" width=\"1024\" height=\"506\" src=\"https:\/\/elinformante.mx\/wp-content\/uploads\/2025\/10\/6alcaldia-2-1024x506.jpeg\" alt=\"\" class=\"wp-image-94138\" srcset=\"https:\/\/elinformante.mx\/wp-content\/uploads\/2025\/10\/6alcaldia-2-1024x506.jpeg 1024w, https:\/\/elinformante.mx\/wp-content\/uploads\/2025\/10\/6alcaldia-2-300x148.jpeg 300w, https:\/\/elinformante.mx\/wp-content\/uploads\/2025\/10\/6alcaldia-2-768x379.jpeg 768w, https:\/\/elinformante.mx\/wp-content\/uploads\/2025\/10\/6alcaldia-2.jpeg 1140w\" sizes=\"(max-width: 1024px) 100vw, 1024px\" \/><\/figure>\n\n\n\n<p>Tambi\u00e9n les brindan acceso a programas sociales en materia de salud y econom\u00eda, contribuyendo a mejorar la calidad de vida.<br><\/p>\n\n\n\n<p>Blanca Araujo, miembro de la familia CECAM Mixcoac reconoci\u00f3 con entusiasmo a la instituci\u00f3n como un lugar recreativo, \u00abcelebro que lleguemos a 14 a\u00f1os, me encanta venir a este sitio, porque aqu\u00ed realmente socializo, interactuamos, aprendemos, convivimos y realmente eso es lo que m\u00e1s me gusta.<br><\/p>\n\n\n\n<p>Fernando Sep\u00falveda, quien reci\u00e9n se inscribi\u00f3 en la instituci\u00f3n, felicit\u00f3 a la alcald\u00eda por el gran trabajo que hace, realmente es un grupo muy integrado, todos estamos muy contentos en este evento, el equipo participa de una forma muy activa y eso permite que nosotros, que ya empezamos el \u00faltimo periodo de nuestra existencia, podamos convivir con todos; que la alcald\u00eda Benito Ju\u00e1rez siga adelante, y felicidades por esta integraci\u00f3n con todos ustedes.<br><\/p>\n\n\n\n<p>Durante la celebraci\u00f3n, alumnos, profesores y autoridades del Centro disfrutaron de m\u00fasica de los Mariachis de la Secretar\u00eda de Seguridad Ciudadana, as\u00ed como del Grupo Gale\u00f3n de la Secretar\u00eda de Marina, llenando el lugar de gozo y felicidad.<br><\/p>\n\n\n\n<p>La alcald\u00eda Benito Ju\u00e1rez, refrenda el compromiso de generar acciones en favor de los adultos mayores, parte fundamental de la comunidad benitojuarense. El que ellos contin\u00faen con proyectos en esta etapa de sus vidas hace que el trabajo impulsado por el alcalde Luis Mendoza cobre relevancia y sentido humano.<\/p>\n","protected":false},"excerpt":{"rendered":"<p>Record\u00f3 que el CECAM es un proyecto nacido orgullosamente en Benito Ju\u00e1rez. La alcald\u00eda Benito Ju\u00e1rez celebr\u00f3 el 14 aniversario del Centro de Educaci\u00f3n Continua para el Adulto Mayor (CECAM), plantel Mixcoac, y el alcalde Luis Mendoza, reafirm\u00f3 su compromiso de continuar impulsando espacios para este sector de la poblaci\u00f3n con la finalidad de que [&hellip;]<\/p>\n","protected":false},"author":1,"featured_media":94137,"comment_status":"closed","ping_status":"closed","sticky":false,"template":"","format":"standard","meta":{"footnotes":""},"categories":[35,30],"tags":[],"class_list":["post-94136","post","type-post","status-publish","format-standard","has-post-thumbnail","hentry","category-cdmx","category-destacado"],"_links":{"self":[{"href":"https:\/\/elinformante.mx\/index.php?rest_route=\/wp\/v2\/posts\/94136","targetHints":{"allow":["GET"]}}],"collection":[{"href":"https:\/\/elinformante.mx\/index.php?rest_route=\/wp\/v2\/posts"}],"about":[{"href":"https:\/\/elinformante.mx\/index.php?rest_route=\/wp\/v2\/types\/post"}],"author":[{"embeddable":true,"href":"https:\/\/elinformante.mx\/index.php?rest_route=\/wp\/v2\/users\/1"}],"replies":[{"embeddable":true,"href":"https:\/\/elinformante.mx\/index.php?rest_route=%2Fwp%2Fv2%2Fcomments&post=94136"}],"version-history":[{"count":0,"href":"https:\/\/elinformante.mx\/index.php?rest_route=\/wp\/v2\/posts\/94136\/revisions"}],"wp:featuredmedia":[{"embeddable":true,"href":"https:\/\/elinformante.mx\/index.php?rest_route=\/wp\/v2\/media\/94137"}],"wp:attachment":[{"href":"https:\/\/elinformante.mx\/index.php?rest_route=%2Fwp%2Fv2%2Fmedia&parent=94136"}],"wp:term":[{"taxonomy":"category","embeddable":true,"href":"https:\/\/elinformante.mx\/index.php?rest_route=%2Fwp%2Fv2%2Fcategories&post=94136"},{"taxonomy":"post_tag","embeddable":true,"href":"https:\/\/elinformante.mx\/index.php?rest_route=%2Fwp%2Fv2%2Ftags&post=94136"}],"curies":[{"name":"wp","href":"https:\/\/api.w.org\/{rel}","templated":true}]}}