{"id":94139,"date":"2025-10-10T06:32:02","date_gmt":"2025-10-10T12:32:02","guid":{"rendered":"https:\/\/elinformante.mx\/?p=94139"},"modified":"2025-10-10T06:32:06","modified_gmt":"2025-10-10T12:32:06","slug":"celebrara-feria-internacional-del-libro-del-zocalo-25-aniversario-con-presentaciones-conciertos-y-poesia","status":"publish","type":"post","link":"https:\/\/elinformante.mx\/?p=94139","title":{"rendered":"Celebrar\u00e1 Feria Internacional del Libro del Z\u00f3calo 25 Aniversario con Presentaciones, Conciertos y Poes\u00eda"},"content":{"rendered":"\n<figure class=\"wp-block-pullquote\"><blockquote><p>-La inauguraci\u00f3n se llevar\u00e1 cabo el s\u00e1bado 11 de octubre a las 14:45 horas.<\/p><\/blockquote><\/figure>\n\n\n\n<p class=\"has-drop-cap\">La vig\u00e9sima quinta edici\u00f3n de la Feria Internacional del Libro en el Z\u00f3calo de la Ciudad de M\u00e9xico (FIL Z\u00f3calo) llegar\u00e1 del viernes 10 al domingo 19 de octubre de 2025 para llenar el coraz\u00f3n de la capital con miles de libros, historias, debates pol\u00edticos, periodismo, historia y voces diversas. Se trata de un espacio de encuentro pol\u00edtico\/cultural masivo para lectores, autores, grandes personajes y p\u00fablico en general, organizado por el Gobierno capitalino, a trav\u00e9s de la Secretar\u00eda de Cultura local y la Brigada Para Leer en Libertad A.C.<br><\/p>\n\n\n\n<p>En estos 25 a\u00f1os, la FIL Z\u00f3calo se ha consolidado como una de las favoritas del p\u00fablico para conseguir novedades literarias, grandes ofertas y disfrutar de una jornada llena de letras, debates, imaginaci\u00f3n e historias. En esta ocasi\u00f3n, la feria contar\u00e1 con m\u00e1s de 300 sellos editoriales, entre los que se encuentran Fondo de Cultura Econ\u00f3mica, Planeta, Random House, Colof\u00f3n, Tomo, UNAM, Salto de P\u00e1gina, Eterno Femenino Ediciones, Ediciones Castilibros, Lunaria Ediciones, Bonilla artigas editores, El Colegio de M\u00e9xico, Alfaomega Grupo Editor, El Barco de Papel, por mencionar algunas.<br><\/p>\n\n\n\n<p>Esta edici\u00f3n contar\u00e1 con cuatro foros que llevan por nombre frases de poemas de grandes autores y autoras. En ellos podr\u00e1s encontrar diferentes actividades de entrada libre para todas las edades.<br><\/p>\n\n\n\n<p>La Direcci\u00f3n General de Vinculaci\u00f3n Cultural Comunitaria ofrecer\u00e1 actividades dirigidas a las infancias, como presentaciones de Libro Club, con t\u00edtulos como \u201cEl secreto de Nebuloponto\u201d; \u201cC\u00f3mo liberar a un pajarito\u201d; \u201cEscritura creativa y saberes comunitarios. Historias de semillas que florecen\u201d; \u201cOso de Peluche. Y otros feminicuentos\u201d; y la colecci\u00f3n de libros CENADEH Rosario Ibarra de Piedra.<br><\/p>\n\n\n\n<p>Para conocer la programaci\u00f3n completa, te invitamos a consultar el Facebook oficial de la feria: https:\/\/www.facebook.com\/FILZocalo\/.<br><\/p>\n\n\n\n<p>En una \u00e9poca en la que las letras se pierden entre el ruido y la inmediatez es protagonista, la Feria Internacional del Libro en el Z\u00f3calo de la Ciudad de M\u00e9xico 2025 celebra su 25 aniversario recordando a la poblaci\u00f3n que leer, escribir y encontrarse en los libros es un acto que puede transformar al mundo y que cada p\u00e1gina es una oportunidad para el di\u00e1logo, la memoria y la esperanza. En esta jornada, la literatura vuelve a ser un punto en com\u00fan en el que todas las voces caben.<\/p>\n","protected":false},"excerpt":{"rendered":"<p>-La inauguraci\u00f3n se llevar\u00e1 cabo el s\u00e1bado 11 de octubre a las 14:45 horas. La vig\u00e9sima quinta edici\u00f3n de la Feria Internacional del Libro en el Z\u00f3calo de la Ciudad de M\u00e9xico (FIL Z\u00f3calo) llegar\u00e1 del viernes 10 al domingo 19 de octubre de 2025 para llenar el coraz\u00f3n de la capital con miles de [&hellip;]<\/p>\n","protected":false},"author":1,"featured_media":94140,"comment_status":"closed","ping_status":"closed","sticky":false,"template":"","format":"standard","meta":{"footnotes":""},"categories":[35],"tags":[],"class_list":["post-94139","post","type-post","status-publish","format-standard","has-post-thumbnail","hentry","category-cdmx"],"_links":{"self":[{"href":"https:\/\/elinformante.mx\/index.php?rest_route=\/wp\/v2\/posts\/94139","targetHints":{"allow":["GET"]}}],"collection":[{"href":"https:\/\/elinformante.mx\/index.php?rest_route=\/wp\/v2\/posts"}],"about":[{"href":"https:\/\/elinformante.mx\/index.php?rest_route=\/wp\/v2\/types\/post"}],"author":[{"embeddable":true,"href":"https:\/\/elinformante.mx\/index.php?rest_route=\/wp\/v2\/users\/1"}],"replies":[{"embeddable":true,"href":"https:\/\/elinformante.mx\/index.php?rest_route=%2Fwp%2Fv2%2Fcomments&post=94139"}],"version-history":[{"count":0,"href":"https:\/\/elinformante.mx\/index.php?rest_route=\/wp\/v2\/posts\/94139\/revisions"}],"wp:featuredmedia":[{"embeddable":true,"href":"https:\/\/elinformante.mx\/index.php?rest_route=\/wp\/v2\/media\/94140"}],"wp:attachment":[{"href":"https:\/\/elinformante.mx\/index.php?rest_route=%2Fwp%2Fv2%2Fmedia&parent=94139"}],"wp:term":[{"taxonomy":"category","embeddable":true,"href":"https:\/\/elinformante.mx\/index.php?rest_route=%2Fwp%2Fv2%2Fcategories&post=94139"},{"taxonomy":"post_tag","embeddable":true,"href":"https:\/\/elinformante.mx\/index.php?rest_route=%2Fwp%2Fv2%2Ftags&post=94139"}],"curies":[{"name":"wp","href":"https:\/\/api.w.org\/{rel}","templated":true}]}}