{"id":94145,"date":"2025-10-10T06:38:12","date_gmt":"2025-10-10T12:38:12","guid":{"rendered":"https:\/\/elinformante.mx\/?p=94145"},"modified":"2025-10-10T06:38:22","modified_gmt":"2025-10-10T12:38:22","slug":"impulsan-mara-y-veronica-lezama-jornada-de-cirugias-de-cataratas-para-bienestar-de-las-y-los-quintanarroenses","status":"publish","type":"post","link":"https:\/\/elinformante.mx\/?p=94145","title":{"rendered":"Impulsan Mara y Ver\u00f3nica Lezama jornada de cirug\u00edas de cataratas para bienestar de las y los quintanarroenses"},"content":{"rendered":"\n<figure class=\"wp-block-pullquote\"><blockquote><p>-Durante las valoraciones m\u00e9dicas, se atendi\u00f3 a m\u00e1s de 950 personas provenientes de Benito Ju\u00e1rez, Oth\u00f3n P. Blanco, Bacalar, Felipe Carrillo Puerto y Jos\u00e9 Mar\u00eda Morelos<\/p><\/blockquote><\/figure>\n\n\n\n<p class=\"has-drop-cap\">Con el compromiso de proporcionar bienestar y mejorar la calidad de vida de las y los quintanarroenses, la gobernadora Mara Lezama Espinosa y la presidenta honoraria del Sistema DIF Quintana Roo, Ver\u00f3nica Lezama Espinosa, supervisaron avances de la Tercera Jornada de Cirug\u00edas de Cataratas, que se lleva a cabo del 6 al 18 de octubre en el Hospital General \u201cJes\u00fas Kumate Rodr\u00edguez\u201d de Canc\u00fan.<br><\/p>\n\n\n\n<p>Esta jornada se realiza gracias a la colaboraci\u00f3n estrecha entre el DIF Quintana Roo, los DIF municipales, la Secretar\u00eda de Salud y la aportaci\u00f3n invaluable de la Fundaci\u00f3n Suiza Contra la Ceguera en M\u00e9xico con el equipo m\u00e9dico, enfermeras e insumos para estas intervenciones gratuitas y especializada a personas diagnosticadas con cataratas.<br><\/p>\n\n\n\n<p>Durante esta etapa de valoraci\u00f3n se atendi\u00f3 a m\u00e1s de 950 personas provenientes de Benito Ju\u00e1rez, Oth\u00f3n P. Blanco, Bacalar, Felipe Carrillo Puerto y Jos\u00e9 Mar\u00eda Morelos, quienes fueron sometidas a estudios m\u00e9dicos para determinar su idoneidad para la cirug\u00eda.<br><\/p>\n\n\n\n<p>Las cirug\u00edas incluyen el procedimiento m\u00e9dico, lentes intraoculares, medicamentos y consultas postoperatorias, asegurando una atenci\u00f3n integral y de calidad. Todo ello es posible gracias al trabajo coordinado entre instituciones estatales y organizaciones internacionales que suman esfuerzos por el bienestar de las familias quintanarroenses.<br><\/p>\n\n\n\n<p>La gobernadora Mara Lezama agradeci\u00f3 especialmente a la Fundaci\u00f3n Suiza y al equipo m\u00e9dico internacional que se sum\u00f3 a esta noble causa, subrayando que \u201cen este gobierno humanista con coraz\u00f3n feminista, nadie se queda fuera ni atr\u00e1s. Trabajamos por el bienestar de todas y todos, para que m\u00e1s personas recuperen su salud, su autonom\u00eda y su calidad de vida.\u201d<br><\/p>\n\n\n\n<p>Por su parte, la presidenta honoraria del DIF Quintana Roo, Ver\u00f3nica Lezama Espinosa, resalt\u00f3 la importancia de seguir impulsando acciones que transformen la vida de las personas beneficiadas.<br><\/p>\n\n\n\n<p>Al escuchar a las y los pacientes durante un recorrido por el hospital, Mara y Ver\u00f3nica Lezama escucharon historias de vida, pero tambi\u00e9n el agradecimiento por esta nueva oportunidad de recuperar la visi\u00f3n, cuando ya se cre\u00eda perdida.<\/p>\n","protected":false},"excerpt":{"rendered":"<p>-Durante las valoraciones m\u00e9dicas, se atendi\u00f3 a m\u00e1s de 950 personas provenientes de Benito Ju\u00e1rez, Oth\u00f3n P. Blanco, Bacalar, Felipe Carrillo Puerto y Jos\u00e9 Mar\u00eda Morelos Con el compromiso de proporcionar bienestar y mejorar la calidad de vida de las y los quintanarroenses, la gobernadora Mara Lezama Espinosa y la presidenta honoraria del Sistema DIF [&hellip;]<\/p>\n","protected":false},"author":1,"featured_media":94146,"comment_status":"closed","ping_status":"closed","sticky":false,"template":"","format":"standard","meta":{"footnotes":""},"categories":[30,34],"tags":[],"class_list":["post-94145","post","type-post","status-publish","format-standard","has-post-thumbnail","hentry","category-destacado","category-nacional"],"_links":{"self":[{"href":"https:\/\/elinformante.mx\/index.php?rest_route=\/wp\/v2\/posts\/94145","targetHints":{"allow":["GET"]}}],"collection":[{"href":"https:\/\/elinformante.mx\/index.php?rest_route=\/wp\/v2\/posts"}],"about":[{"href":"https:\/\/elinformante.mx\/index.php?rest_route=\/wp\/v2\/types\/post"}],"author":[{"embeddable":true,"href":"https:\/\/elinformante.mx\/index.php?rest_route=\/wp\/v2\/users\/1"}],"replies":[{"embeddable":true,"href":"https:\/\/elinformante.mx\/index.php?rest_route=%2Fwp%2Fv2%2Fcomments&post=94145"}],"version-history":[{"count":0,"href":"https:\/\/elinformante.mx\/index.php?rest_route=\/wp\/v2\/posts\/94145\/revisions"}],"wp:featuredmedia":[{"embeddable":true,"href":"https:\/\/elinformante.mx\/index.php?rest_route=\/wp\/v2\/media\/94146"}],"wp:attachment":[{"href":"https:\/\/elinformante.mx\/index.php?rest_route=%2Fwp%2Fv2%2Fmedia&parent=94145"}],"wp:term":[{"taxonomy":"category","embeddable":true,"href":"https:\/\/elinformante.mx\/index.php?rest_route=%2Fwp%2Fv2%2Fcategories&post=94145"},{"taxonomy":"post_tag","embeddable":true,"href":"https:\/\/elinformante.mx\/index.php?rest_route=%2Fwp%2Fv2%2Ftags&post=94145"}],"curies":[{"name":"wp","href":"https:\/\/api.w.org\/{rel}","templated":true}]}}