{"id":94176,"date":"2025-10-13T06:21:30","date_gmt":"2025-10-13T12:21:30","guid":{"rendered":"https:\/\/elinformante.mx\/?p=94176"},"modified":"2025-10-13T06:21:40","modified_gmt":"2025-10-13T12:21:40","slug":"checo-perez-y-valtteri-bottas-son-nombrados-los-fabulosos-cadillacs","status":"publish","type":"post","link":"https:\/\/elinformante.mx\/?p=94176","title":{"rendered":"Checo P\u00e9rez y Valtteri Bottas son nombrados \u201cLos Fabulosos Cadillacs\u201d"},"content":{"rendered":"\n<figure class=\"wp-block-pullquote\"><blockquote><p>Y es que ambos pilotos reciben la aprobaci\u00f3n de la banda argentina, quienes han se\u00f1alado que es bastante simp\u00e1tico el apodo.<\/p><\/blockquote><\/figure>\n\n\n\n<p class=\"has-drop-cap\">A punto de cumplirse dos meses del regreso de Sergio \u201cCheco\u201d P\u00e9rez a la F\u00f3rmula 1 se hizo oficial. Cadillac, escuder\u00eda que debutar\u00e1 en 2026 en la categor\u00eda, eligi\u00f3 al mexicano y a Valtteri Bottas como alineaci\u00f3n titular para lo que ser\u00e1 un primer a\u00f1o lleno de desaf\u00edos.<br><\/p>\n\n\n\n<p>Pero m\u00e1s all\u00e1 de los retos y dificultades que el equipo estadounidense tendr\u00e1 en su incorporaci\u00f3n a la F1, los aficionados tomaron con alegr\u00eda y, sobre todo, con humor.<br><\/p>\n\n\n\n<p>El anuncio del fichaje del tapat\u00edo, adem\u00e1s que de inmediato le dieron un nuevo apodo a la dupla: \u201cLos Fabulosos Cadillacs\u201d, en referencia a la agrupaci\u00f3n argentina fundada en 1984.<br><\/p>\n\n\n\n<p>Aunque la tendencia comenz\u00f3 desde finales de agosto, cuando el equipo de TWG Motorsports hizo oficial el fichaje de los pilotos, esta semana lleg\u00f3 hasta Flavio Oscar Cianciarulo, conocido como \u201cSr. Flavio\u201d. El cofundador de la banda comparti\u00f3 que le pareci\u00f3 divertido y asegur\u00f3 que no les molesta que los seguidores usen el nombre.<br><\/p>\n\n\n\n<p>Cianciarulo fund\u00f3 la banda junto con Vicentico en 1984 y desde entonces se ha convertido en una de las m\u00e1s populares en Am\u00e9rica Latina. Originalmente, el nombre era Cadillacs 57, pero se cambi\u00f3 a Fabulosos Cadillacs luego de una presentaci\u00f3n en un bar llamado Blues, seg\u00fan relato Flavio en una entrevista en 2023.<br><\/p>\n\n\n\n<p>Ahora, el bajista y guitarrista de la agrupaci\u00f3n comparti\u00f3 sus impresiones cuando escuch\u00f3 el nuevo apodo a la dupla de la escuder\u00eda de F\u00f3rmula 1.<br><\/p>\n\n\n\n<p>\u201cEs simp\u00e1tico. Lo hemos recibido gratamente. Obviamente, todo el mundo nos estaba mandando este posteo viral. Mira lo fabuloso que queda, buen\u00edsimo. En definitiva, como digo siempre, nuestro nombre de banda no deja de ser un autom\u00f3vil, as\u00ed que est\u00e1 bien y me alegro por \u2018Los Fabulosos Cadillacs\u2019 competidores de autos\u201d, a\u00f1adi\u00f3 en una entrevista que le realizaron y que no tard\u00f3 en viralizarse en redes sociales.<br><\/p>\n\n\n\n<p>La espera fue larga para los aficionados m\u00e1s fieles del tapat\u00edo, que nunca perdieron la fe de ver al mexicano de nuevo con un equipo de la m\u00e1xima categor\u00eda del automovilismo.<br><\/p>\n\n\n\n<p>Sin embargo, ahora tendr\u00e1n que esperar un poco m\u00e1s para ver al \u2018Viejo Sabroso\u2019 de nuevo a bordo de un monoplaza en una carrera oficial.<br><\/p>\n\n\n\n<p>Y es que cada vez est\u00e1 m\u00e1s cerca de empezar la Temporada 2026 de la F\u00f3rmula 1 que iniciar\u00e1 nuevamente con el Gran Premio de Australia, programado del viernes 6 al domingo 8 de marzo.<br><\/p>\n\n\n\n<p>Melbourne fue el escenario en el cual Checo P\u00e9rez debut\u00f3 en 2011, aunque desafortunadamente sufri\u00f3 una descalificaci\u00f3n en aquella ocasi\u00f3n con Sauber. Desde entonces, su mejor resultado fue el segundo lugar con Red Bull en 2022.<\/p>\n","protected":false},"excerpt":{"rendered":"<p>Y es que ambos pilotos reciben la aprobaci\u00f3n de la banda argentina, quienes han se\u00f1alado que es bastante simp\u00e1tico el apodo. A punto de cumplirse dos meses del regreso de Sergio \u201cCheco\u201d P\u00e9rez a la F\u00f3rmula 1 se hizo oficial. Cadillac, escuder\u00eda que debutar\u00e1 en 2026 en la categor\u00eda, eligi\u00f3 al mexicano y a Valtteri [&hellip;]<\/p>\n","protected":false},"author":1,"featured_media":94177,"comment_status":"closed","ping_status":"closed","sticky":false,"template":"","format":"standard","meta":{"footnotes":""},"categories":[38,30],"tags":[],"class_list":["post-94176","post","type-post","status-publish","format-standard","has-post-thumbnail","hentry","category-deportes","category-destacado"],"_links":{"self":[{"href":"https:\/\/elinformante.mx\/index.php?rest_route=\/wp\/v2\/posts\/94176","targetHints":{"allow":["GET"]}}],"collection":[{"href":"https:\/\/elinformante.mx\/index.php?rest_route=\/wp\/v2\/posts"}],"about":[{"href":"https:\/\/elinformante.mx\/index.php?rest_route=\/wp\/v2\/types\/post"}],"author":[{"embeddable":true,"href":"https:\/\/elinformante.mx\/index.php?rest_route=\/wp\/v2\/users\/1"}],"replies":[{"embeddable":true,"href":"https:\/\/elinformante.mx\/index.php?rest_route=%2Fwp%2Fv2%2Fcomments&post=94176"}],"version-history":[{"count":0,"href":"https:\/\/elinformante.mx\/index.php?rest_route=\/wp\/v2\/posts\/94176\/revisions"}],"wp:featuredmedia":[{"embeddable":true,"href":"https:\/\/elinformante.mx\/index.php?rest_route=\/wp\/v2\/media\/94177"}],"wp:attachment":[{"href":"https:\/\/elinformante.mx\/index.php?rest_route=%2Fwp%2Fv2%2Fmedia&parent=94176"}],"wp:term":[{"taxonomy":"category","embeddable":true,"href":"https:\/\/elinformante.mx\/index.php?rest_route=%2Fwp%2Fv2%2Fcategories&post=94176"},{"taxonomy":"post_tag","embeddable":true,"href":"https:\/\/elinformante.mx\/index.php?rest_route=%2Fwp%2Fv2%2Ftags&post=94176"}],"curies":[{"name":"wp","href":"https:\/\/api.w.org\/{rel}","templated":true}]}}