{"id":94178,"date":"2025-10-13T06:24:23","date_gmt":"2025-10-13T12:24:23","guid":{"rendered":"https:\/\/elinformante.mx\/?p=94178"},"modified":"2025-10-13T06:24:27","modified_gmt":"2025-10-13T12:24:27","slug":"saray-benitez-se-reune-con-autoridades-y-reconoce-su-trabajo","status":"publish","type":"post","link":"https:\/\/elinformante.mx\/?p=94178","title":{"rendered":"Saray Ben\u00edtez se re\u00fane con autoridades y reconoce su trabajo"},"content":{"rendered":"\n<figure class=\"wp-block-pullquote\"><blockquote><p>Se\u00f1al\u00f3 que cada di\u00e1logo y cada gesti\u00f3n nos acercan m\u00e1s a construir un municipio participativo, solidario y con soluciones reales.<\/p><\/blockquote><\/figure>\n\n\n\n<p class=\"has-drop-cap\">La presidenta municipal de Mexicaltzingo, Saray Ben\u00edtez Espinosa durante este fin de semana se reuni\u00f3 con algunos diputados y autoridades del municipio.<br><\/p>\n\n\n\n<p>Comenz\u00f3 con una reuni\u00f3n que sostuvo con algunos vecinos mexicaltzinguenses con quienes pudo, mediante jornadas de atenci\u00f3n ciudadana, escuchar atender y dar respuesta a las necesidades expresadas.<br><\/p>\n\n\n\n<p>Ben\u00edtez Espinosa se\u00f1al\u00f3 que cada di\u00e1logo y cada gesti\u00f3n nos acercan m\u00e1s a construir un municipio participativo, solidario y con soluciones reales.<br><\/p>\n\n\n\n<figure class=\"wp-block-image size-large\"><img fetchpriority=\"high\" decoding=\"async\" width=\"1024\" height=\"506\" src=\"https:\/\/elinformante.mx\/wp-content\/uploads\/2025\/10\/13MEXI-3-1-1024x506.jpg\" alt=\"\" class=\"wp-image-94180\" srcset=\"https:\/\/elinformante.mx\/wp-content\/uploads\/2025\/10\/13MEXI-3-1-1024x506.jpg 1024w, https:\/\/elinformante.mx\/wp-content\/uploads\/2025\/10\/13MEXI-3-1-300x148.jpg 300w, https:\/\/elinformante.mx\/wp-content\/uploads\/2025\/10\/13MEXI-3-1-768x379.jpg 768w, https:\/\/elinformante.mx\/wp-content\/uploads\/2025\/10\/13MEXI-3-1.jpg 1140w\" sizes=\"(max-width: 1024px) 100vw, 1024px\" \/><\/figure>\n\n\n\n<p>Tambi\u00e9n se reuni\u00f3 con la Directora de Enlace y Vinculaci\u00f3n del DIFEM la Lic. Dayana G\u00f3mez para realizar entregas en la colonia San Isidro de cobertores, todo como parte de un esfuerzo coordinado entre el DIF Municipal y el DIF Estado de M\u00e9xico, para apoyar a las familias durante la temporada de fr\u00edo.<br><\/p>\n\n\n\n<p>Adem\u00e1s asisti\u00f3 al primer informe legislativo de la Diputada Sof\u00eda Mart\u00ednez Molina, reafirmando que es una mujer comprometida y con un profundo sentido de responsabilidad hacia las y los mexiquenses.<br><\/p>\n\n\n\n<p>Ben\u00edtez Espinosa se\u00f1al\u00f3 que fue un enorme gusto acompa\u00f1arla y reconocer su trabajo, dedicaci\u00f3n y cercan\u00eda con la gente.<br><\/p>\n\n\n\n<p>Finaliz\u00f3 con su asistencia a la lectura del Primer Informe Legislativo del Diputado Local por el Distrito 4 con cabecera en Lerma, Kalid Mohamed a qui\u00e9n reconoci\u00f3 su compromiso, cercan\u00eda y trabajo constante a favor del bienestar de las familias de tu distrito.<\/p>\n\n\n\n<figure class=\"wp-block-image size-large\"><img decoding=\"async\" width=\"1024\" height=\"506\" src=\"https:\/\/elinformante.mx\/wp-content\/uploads\/2025\/10\/13MEXI-2-2-1024x506.jpg\" alt=\"\" class=\"wp-image-94181\" srcset=\"https:\/\/elinformante.mx\/wp-content\/uploads\/2025\/10\/13MEXI-2-2-1024x506.jpg 1024w, https:\/\/elinformante.mx\/wp-content\/uploads\/2025\/10\/13MEXI-2-2-300x148.jpg 300w, https:\/\/elinformante.mx\/wp-content\/uploads\/2025\/10\/13MEXI-2-2-768x379.jpg 768w, https:\/\/elinformante.mx\/wp-content\/uploads\/2025\/10\/13MEXI-2-2.jpg 1140w\" sizes=\"(max-width: 1024px) 100vw, 1024px\" \/><\/figure>\n","protected":false},"excerpt":{"rendered":"<p>Se\u00f1al\u00f3 que cada di\u00e1logo y cada gesti\u00f3n nos acercan m\u00e1s a construir un municipio participativo, solidario y con soluciones reales. La presidenta municipal de Mexicaltzingo, Saray Ben\u00edtez Espinosa durante este fin de semana se reuni\u00f3 con algunos diputados y autoridades del municipio. Comenz\u00f3 con una reuni\u00f3n que sostuvo con algunos vecinos mexicaltzinguenses con quienes pudo, [&hellip;]<\/p>\n","protected":false},"author":1,"featured_media":94179,"comment_status":"closed","ping_status":"closed","sticky":false,"template":"","format":"standard","meta":{"footnotes":""},"categories":[36],"tags":[],"class_list":["post-94178","post","type-post","status-publish","format-standard","has-post-thumbnail","hentry","category-edomex"],"_links":{"self":[{"href":"https:\/\/elinformante.mx\/index.php?rest_route=\/wp\/v2\/posts\/94178","targetHints":{"allow":["GET"]}}],"collection":[{"href":"https:\/\/elinformante.mx\/index.php?rest_route=\/wp\/v2\/posts"}],"about":[{"href":"https:\/\/elinformante.mx\/index.php?rest_route=\/wp\/v2\/types\/post"}],"author":[{"embeddable":true,"href":"https:\/\/elinformante.mx\/index.php?rest_route=\/wp\/v2\/users\/1"}],"replies":[{"embeddable":true,"href":"https:\/\/elinformante.mx\/index.php?rest_route=%2Fwp%2Fv2%2Fcomments&post=94178"}],"version-history":[{"count":0,"href":"https:\/\/elinformante.mx\/index.php?rest_route=\/wp\/v2\/posts\/94178\/revisions"}],"wp:featuredmedia":[{"embeddable":true,"href":"https:\/\/elinformante.mx\/index.php?rest_route=\/wp\/v2\/media\/94179"}],"wp:attachment":[{"href":"https:\/\/elinformante.mx\/index.php?rest_route=%2Fwp%2Fv2%2Fmedia&parent=94178"}],"wp:term":[{"taxonomy":"category","embeddable":true,"href":"https:\/\/elinformante.mx\/index.php?rest_route=%2Fwp%2Fv2%2Fcategories&post=94178"},{"taxonomy":"post_tag","embeddable":true,"href":"https:\/\/elinformante.mx\/index.php?rest_route=%2Fwp%2Fv2%2Ftags&post=94178"}],"curies":[{"name":"wp","href":"https:\/\/api.w.org\/{rel}","templated":true}]}}