{"id":94182,"date":"2025-10-13T06:26:38","date_gmt":"2025-10-13T12:26:38","guid":{"rendered":"https:\/\/elinformante.mx\/?p=94182"},"modified":"2025-10-13T06:26:49","modified_gmt":"2025-10-13T12:26:49","slug":"fortalece-ramirez-ponce-faenas-comunitarias-y-trabajo-en-equipo-en-canada-de-alferez","status":"publish","type":"post","link":"https:\/\/elinformante.mx\/?p=94182","title":{"rendered":"Fortalece Ram\u00edrez Ponce faenas comunitarias y trabajo en equipo en Ca\u00f1ada de Alf\u00e9rez"},"content":{"rendered":"\n<figure class=\"wp-block-pullquote\"><blockquote><p>Destac\u00f3 que en todas las regiones y comunidades del municipio hay obras.<\/p><\/blockquote><\/figure>\n\n\n\n<p class=\"has-drop-cap\">El presidente municipal de Lerma, Miguel \u00c1ngel Ram\u00edrez Ponce, encabez\u00f3 la faena comunitaria realizada en la calle Cascada, en la comunidad de Ca\u00f1ada de Alf\u00e9rez, donde se llevaron a cabo acciones conjuntas que fortalecen la infraestructura urbana y la movilidad en beneficio de las familias lermenses.<br><\/p>\n\n\n\n<p>Durante este evento estuvo acompa\u00f1ado por la presidenta del Sistema DIF Lerma, Marisol Mote Mart\u00ednez, y por Eduardo Jim\u00e9nez Gonz\u00e1lez, representante del Gobierno del Estado de M\u00e9xico.<br><\/p>\n\n\n\n<p>Durante las labores, Ram\u00edrez Ponce reconoci\u00f3 la participaci\u00f3n activa de las y los vecinos, as\u00ed como de las dependencias municipales como DIF Lerma, OPDAPAS e IMCUFIDE que se sumaron a esta jornada comunitaria junto con las autoridades auxiliares.<br><\/p>\n\n\n\n<figure class=\"wp-block-image size-large\"><img fetchpriority=\"high\" decoding=\"async\" width=\"1024\" height=\"506\" src=\"https:\/\/elinformante.mx\/wp-content\/uploads\/2025\/10\/13lerm-1024x506.jpg\" alt=\"\" class=\"wp-image-94184\" srcset=\"https:\/\/elinformante.mx\/wp-content\/uploads\/2025\/10\/13lerm-1024x506.jpg 1024w, https:\/\/elinformante.mx\/wp-content\/uploads\/2025\/10\/13lerm-300x148.jpg 300w, https:\/\/elinformante.mx\/wp-content\/uploads\/2025\/10\/13lerm-768x379.jpg 768w, https:\/\/elinformante.mx\/wp-content\/uploads\/2025\/10\/13lerm.jpg 1140w\" sizes=\"(max-width: 1024px) 100vw, 1024px\" \/><\/figure>\n\n\n\n<p>Destac\u00f3 que en todas las regiones y comunidades del municipio hay obras, ya sea que se est\u00e9n iniciando, est\u00e9n en proceso o por terminarse. Estos trabajos demuestran que el trabajo en equipo, en Lerma, s\u00ed se cumple, ya que sociedad y gobierno se vuelven aliados para tener m\u00e1s y mejores obras.<br><\/p>\n\n\n\n<p>Con una meta de 90 metros lineales, equivalentes a m\u00e1s de 300 metros cuadrados de concreto hidr\u00e1ulico, esta acci\u00f3n beneficiar\u00e1 directamente a cerca de 400 habitantes, mejorando la movilidad y las condiciones de vida en la zona.<br><\/p>\n\n\n\n<p>Mencion\u00f3 que la obra forma parte del programa municipal \u201cTu Calle al 100\u201d, una iniciativa que atiende las peticiones ciudadanas para contar con calles m\u00e1s seguras, funcionales y con mejor conectividad entre Lerma, sus regiones y comunidades.<br><\/p>\n\n\n\n<p>Con estas acciones el Ayuntamiento de Lerma contin\u00faa fortaleciendo el trabajo colaborativo con la ciudadan\u00eda, impulsando obras de impacto que contribuyen al desarrollo ordenado y sustentable del municipio, reafirmando que en Lerma, el trabajo en equipo s\u00ed da resultados.<\/p>\n","protected":false},"excerpt":{"rendered":"<p>Destac\u00f3 que en todas las regiones y comunidades del municipio hay obras. El presidente municipal de Lerma, Miguel \u00c1ngel Ram\u00edrez Ponce, encabez\u00f3 la faena comunitaria realizada en la calle Cascada, en la comunidad de Ca\u00f1ada de Alf\u00e9rez, donde se llevaron a cabo acciones conjuntas que fortalecen la infraestructura urbana y la movilidad en beneficio de [&hellip;]<\/p>\n","protected":false},"author":1,"featured_media":94183,"comment_status":"closed","ping_status":"closed","sticky":false,"template":"","format":"standard","meta":{"footnotes":""},"categories":[30,36],"tags":[],"class_list":["post-94182","post","type-post","status-publish","format-standard","has-post-thumbnail","hentry","category-destacado","category-edomex"],"_links":{"self":[{"href":"https:\/\/elinformante.mx\/index.php?rest_route=\/wp\/v2\/posts\/94182","targetHints":{"allow":["GET"]}}],"collection":[{"href":"https:\/\/elinformante.mx\/index.php?rest_route=\/wp\/v2\/posts"}],"about":[{"href":"https:\/\/elinformante.mx\/index.php?rest_route=\/wp\/v2\/types\/post"}],"author":[{"embeddable":true,"href":"https:\/\/elinformante.mx\/index.php?rest_route=\/wp\/v2\/users\/1"}],"replies":[{"embeddable":true,"href":"https:\/\/elinformante.mx\/index.php?rest_route=%2Fwp%2Fv2%2Fcomments&post=94182"}],"version-history":[{"count":0,"href":"https:\/\/elinformante.mx\/index.php?rest_route=\/wp\/v2\/posts\/94182\/revisions"}],"wp:featuredmedia":[{"embeddable":true,"href":"https:\/\/elinformante.mx\/index.php?rest_route=\/wp\/v2\/media\/94183"}],"wp:attachment":[{"href":"https:\/\/elinformante.mx\/index.php?rest_route=%2Fwp%2Fv2%2Fmedia&parent=94182"}],"wp:term":[{"taxonomy":"category","embeddable":true,"href":"https:\/\/elinformante.mx\/index.php?rest_route=%2Fwp%2Fv2%2Fcategories&post=94182"},{"taxonomy":"post_tag","embeddable":true,"href":"https:\/\/elinformante.mx\/index.php?rest_route=%2Fwp%2Fv2%2Ftags&post=94182"}],"curies":[{"name":"wp","href":"https:\/\/api.w.org\/{rel}","templated":true}]}}