{"id":94185,"date":"2025-10-13T06:28:45","date_gmt":"2025-10-13T12:28:45","guid":{"rendered":"https:\/\/elinformante.mx\/?p=94185"},"modified":"2025-10-13T06:28:50","modified_gmt":"2025-10-13T12:28:50","slug":"inicia-en-zinacantepec-el-festival-del-dia-de-muertos-tzinactlan-2025","status":"publish","type":"post","link":"https:\/\/elinformante.mx\/?p=94185","title":{"rendered":"Inicia en Zinacantepec el Festival del D\u00eda de Muertos \u201cTZINACTL\u00c1N 2025\u201d"},"content":{"rendered":"\n<figure class=\"wp-block-pullquote\"><blockquote><p>Manuel Vilchis se\u00f1al\u00f3 que se espera una derrama de 2.5 mdp por las festividades del D\u00eda de Muertos.<\/p><\/blockquote><\/figure>\n\n\n\n<p class=\"has-drop-cap\">Ante m\u00e1s de 10 mil visitantes y una derrama econ\u00f3mica superior a los 2.5 millones de pesos, la Feria del Alfe\u00f1ique de Zinacantepec, Festival del D\u00eda de Muertos \u201cTZINACTL\u00c1N 2025 busca consolidarse como una de las celebraciones m\u00e1s importantes de la temporada de D\u00eda de Muertos, al tiempo que preserva una tradici\u00f3n que ha pasado de generaci\u00f3n en generaci\u00f3n entre las familias artesanas del municipio.<br><\/p>\n\n\n\n<p>As\u00ed lo se\u00f1al\u00f3 el presidente municipal de Zinacantepec, Manuel Vilchis Viveros, qui\u00e9n destac\u00f3 que esta edici\u00f3n de la feria permanecer\u00e1 abierta hasta el 2 de noviembre, periodo durante el cual se espera un flujo constante de visitantes que podr\u00e1n disfrutar de una amplia variedad de dulces t\u00edpicos, figuras de az\u00facar, calaveras y otras expresiones artesanales elaboradas con alfe\u00f1ique.<br><\/p>\n\n\n\n<p>Vilchis Viveros explic\u00f3 que la feria se desarrollar\u00e1 en paralelo con la cuarta edici\u00f3n de la Feria de la Papa, programada para el 19 de octubre, lo que permitir\u00e1 reforzar la actividad comercial y tur\u00edstica en la cabecera municipal.<br><\/p>\n\n\n\n<p>Resalt\u00f3 que los alfeniqueros de Zinacantepec son los mismos que elaboran parte de los dulces vendidos en la tradicional Feria del Alfe\u00f1ique de Toluca, ya que durante a\u00f1os han maquilado productos para los comerciantes de la capital mexiquense.<br><\/p>\n\n\n\n<p>Subray\u00f3 que en Zinacantepec existen familias que desde hace d\u00e9cadas se han dedicado exclusivamente a la elaboraci\u00f3n del alfe\u00f1ique, una labor que representa no solo un oficio, sino una herencia cultural viva que distingue al municipio.<br><\/p>\n\n\n\n<p>Tambi\u00e9n enfatiz\u00f3 que, al igual que en a\u00f1os anteriores, no se cobra ninguna cuota a los artesanos participantes, ya que el objetivo de la feria es fortalecer la econom\u00eda local y brindar un espacio digno para que los productores vendan directamente su trabajo.<br><\/p>\n\n\n\n<p>Vilchis Viveros, se\u00f1al\u00f3 que con esta edici\u00f3n, Zinacantepec reafirma su vocaci\u00f3n artesanal y gastron\u00f3mica al unir dos de sus tradiciones m\u00e1s emblem\u00e1ticas: el Alfe\u00f1ique y la Papa.<br><\/p>\n\n\n\n<p>Ambas ferias, dijo, se complementan para ofrecer una experiencia cultural, tur\u00edstica y econ\u00f3mica que fortalece el arraigo de la poblaci\u00f3n y proyecta la riqueza del municipio m\u00e1s all\u00e1 de sus fronteras.<\/p>\n","protected":false},"excerpt":{"rendered":"<p>Manuel Vilchis se\u00f1al\u00f3 que se espera una derrama de 2.5 mdp por las festividades del D\u00eda de Muertos. Ante m\u00e1s de 10 mil visitantes y una derrama econ\u00f3mica superior a los 2.5 millones de pesos, la Feria del Alfe\u00f1ique de Zinacantepec, Festival del D\u00eda de Muertos \u201cTZINACTL\u00c1N 2025 busca consolidarse como una de las celebraciones [&hellip;]<\/p>\n","protected":false},"author":1,"featured_media":94186,"comment_status":"closed","ping_status":"closed","sticky":false,"template":"","format":"standard","meta":{"footnotes":""},"categories":[1],"tags":[],"class_list":["post-94185","post","type-post","status-publish","format-standard","has-post-thumbnail","hentry","category-sin-categoria"],"_links":{"self":[{"href":"https:\/\/elinformante.mx\/index.php?rest_route=\/wp\/v2\/posts\/94185","targetHints":{"allow":["GET"]}}],"collection":[{"href":"https:\/\/elinformante.mx\/index.php?rest_route=\/wp\/v2\/posts"}],"about":[{"href":"https:\/\/elinformante.mx\/index.php?rest_route=\/wp\/v2\/types\/post"}],"author":[{"embeddable":true,"href":"https:\/\/elinformante.mx\/index.php?rest_route=\/wp\/v2\/users\/1"}],"replies":[{"embeddable":true,"href":"https:\/\/elinformante.mx\/index.php?rest_route=%2Fwp%2Fv2%2Fcomments&post=94185"}],"version-history":[{"count":0,"href":"https:\/\/elinformante.mx\/index.php?rest_route=\/wp\/v2\/posts\/94185\/revisions"}],"wp:featuredmedia":[{"embeddable":true,"href":"https:\/\/elinformante.mx\/index.php?rest_route=\/wp\/v2\/media\/94186"}],"wp:attachment":[{"href":"https:\/\/elinformante.mx\/index.php?rest_route=%2Fwp%2Fv2%2Fmedia&parent=94185"}],"wp:term":[{"taxonomy":"category","embeddable":true,"href":"https:\/\/elinformante.mx\/index.php?rest_route=%2Fwp%2Fv2%2Fcategories&post=94185"},{"taxonomy":"post_tag","embeddable":true,"href":"https:\/\/elinformante.mx\/index.php?rest_route=%2Fwp%2Fv2%2Ftags&post=94185"}],"curies":[{"name":"wp","href":"https:\/\/api.w.org\/{rel}","templated":true}]}}