{"id":94194,"date":"2025-10-13T06:38:32","date_gmt":"2025-10-13T12:38:32","guid":{"rendered":"https:\/\/elinformante.mx\/?p=94194"},"modified":"2025-10-13T06:38:38","modified_gmt":"2025-10-13T12:38:38","slug":"toluca-asegurara-seguridad-durante-feria-del-alfenique-2025-se-prohibe-la-venta-de-alcohol","status":"publish","type":"post","link":"https:\/\/elinformante.mx\/?p=94194","title":{"rendered":"Toluca asegurar\u00e1 seguridad durante Feria del Alfe\u00f1ique 2025; se proh\u00edbe la venta de alcohol"},"content":{"rendered":"\n<figure class=\"wp-block-pullquote\"><blockquote><p>Tambi\u00e9n se desplegar\u00e1 un operativo especial con la coordinaci\u00f3n de polic\u00eda municipal, protecci\u00f3n civil, servicios de emergencia y m\u00f3dulos de atenci\u00f3n ciudadana.<\/p><\/blockquote><\/figure>\n\n\n\n<p class=\"has-drop-cap\">En este primer fin de semana de la Feria y Festival Cultural Alfe\u00f1ique 2025 en Toluca, el gobierno encabezado por Ricardo Moreno, se\u00f1al\u00f3 que esta ser\u00e1 una celebraci\u00f3n completamente familiar, libre de alcohol y con todas las medidas de seguridad necesarias para garantizar que toluque\u00f1os y visitantes disfruten de una experiencia cultural, art\u00edstica y tradicional en un ambiente de paz.<br><\/p>\n\n\n\n<p>Moreno ha impulsado la sana recreaci\u00f3n en el marco del festival local, por lo que el consumo y venta de bebidas alcoh\u00f3licas estar\u00e1 estrictamente prohibido dentro de las zonas del evento y sus alrededores. La medida busca garantizar un entorno seguro, ordenado y apto para todas las edades.<br><\/p>\n\n\n\n<p>Se debe enfatizar que a nivel nacional, son muy pocos eventos que adoptan una visi\u00f3n tan clara y responsable, priorizando la convivencia familiar y la seguridad sobre la venta de alcohol.<br><\/p>\n\n\n\n<p>De esta manera, Toluca se consolida como un ejemplo de c\u00f3mo las celebraciones pueden disfrutarse plenamente a trav\u00e9s de diversas formas, expresiones y valores que contribuyen a la reconstrucci\u00f3n del tejido social.<br><\/p>\n\n\n\n<figure class=\"wp-block-image size-large\"><img fetchpriority=\"high\" decoding=\"async\" width=\"1024\" height=\"506\" src=\"https:\/\/elinformante.mx\/wp-content\/uploads\/2025\/10\/11toluca-2-2-1024x506.jpg\" alt=\"\" class=\"wp-image-94196\" srcset=\"https:\/\/elinformante.mx\/wp-content\/uploads\/2025\/10\/11toluca-2-2-1024x506.jpg 1024w, https:\/\/elinformante.mx\/wp-content\/uploads\/2025\/10\/11toluca-2-2-300x148.jpg 300w, https:\/\/elinformante.mx\/wp-content\/uploads\/2025\/10\/11toluca-2-2-768x379.jpg 768w, https:\/\/elinformante.mx\/wp-content\/uploads\/2025\/10\/11toluca-2-2.jpg 1140w\" sizes=\"(max-width: 1024px) 100vw, 1024px\" \/><\/figure>\n\n\n\n<p>Y es que para que la ciudadan\u00eda disfrute de los conciertos de Los Tucanes de Tijuana, Siddhartha, Gloria Trevi, Molotov, Porter, Plastilina Mosh, Liran Roll, La Maldita Vecindad con la Sonora Santanera, Yeri MUA, El Bogueto y Amanda Miguel, se implementar\u00e1n filtros de seguridad que impedir\u00e1n la entrada de objetos punzocortantes, armas, l\u00edquidos, aerosoles, mantas, palos de selfie, bebidas alcoh\u00f3licas y sombrillas.<br><\/p>\n\n\n\n<p>Tambi\u00e9n se desplegar\u00e1 un operativo especial con la coordinaci\u00f3n de polic\u00eda municipal, protecci\u00f3n civil, servicios de emergencia y m\u00f3dulos de atenci\u00f3n ciudadana, con el objetivo de garantizar la integridad de todos los asistentes y preservar una de las tradiciones m\u00e1s queridas de la capital mexiquense.<br><\/p>\n\n\n\n<p>El gobierno municipal invita a la ciudadan\u00eda a disfrutar del festival de manera responsable y respetuosa, recordando que la seguridad se construye de manera colectiva.<br><\/p>\n\n\n\n<p>Es importante recordar que se implementar\u00e1 un operativo especial durante todo el festival, con la participaci\u00f3n coordinada de elementos de la polic\u00eda municipal y protecci\u00f3n civil, adem\u00e1s de servicios de emergencia y m\u00f3dulos de atenci\u00f3n ciudadana; todo ello con el objetivo de cuidar la integridad de quienes acudan a vivir una de las tradiciones m\u00e1s queridas.<\/p>\n","protected":false},"excerpt":{"rendered":"<p>Tambi\u00e9n se desplegar\u00e1 un operativo especial con la coordinaci\u00f3n de polic\u00eda municipal, protecci\u00f3n civil, servicios de emergencia y m\u00f3dulos de atenci\u00f3n ciudadana. En este primer fin de semana de la Feria y Festival Cultural Alfe\u00f1ique 2025 en Toluca, el gobierno encabezado por Ricardo Moreno, se\u00f1al\u00f3 que esta ser\u00e1 una celebraci\u00f3n completamente familiar, libre de alcohol [&hellip;]<\/p>\n","protected":false},"author":1,"featured_media":94195,"comment_status":"closed","ping_status":"closed","sticky":false,"template":"","format":"standard","meta":{"footnotes":""},"categories":[30,36],"tags":[],"class_list":["post-94194","post","type-post","status-publish","format-standard","has-post-thumbnail","hentry","category-destacado","category-edomex"],"_links":{"self":[{"href":"https:\/\/elinformante.mx\/index.php?rest_route=\/wp\/v2\/posts\/94194","targetHints":{"allow":["GET"]}}],"collection":[{"href":"https:\/\/elinformante.mx\/index.php?rest_route=\/wp\/v2\/posts"}],"about":[{"href":"https:\/\/elinformante.mx\/index.php?rest_route=\/wp\/v2\/types\/post"}],"author":[{"embeddable":true,"href":"https:\/\/elinformante.mx\/index.php?rest_route=\/wp\/v2\/users\/1"}],"replies":[{"embeddable":true,"href":"https:\/\/elinformante.mx\/index.php?rest_route=%2Fwp%2Fv2%2Fcomments&post=94194"}],"version-history":[{"count":0,"href":"https:\/\/elinformante.mx\/index.php?rest_route=\/wp\/v2\/posts\/94194\/revisions"}],"wp:featuredmedia":[{"embeddable":true,"href":"https:\/\/elinformante.mx\/index.php?rest_route=\/wp\/v2\/media\/94195"}],"wp:attachment":[{"href":"https:\/\/elinformante.mx\/index.php?rest_route=%2Fwp%2Fv2%2Fmedia&parent=94194"}],"wp:term":[{"taxonomy":"category","embeddable":true,"href":"https:\/\/elinformante.mx\/index.php?rest_route=%2Fwp%2Fv2%2Fcategories&post=94194"},{"taxonomy":"post_tag","embeddable":true,"href":"https:\/\/elinformante.mx\/index.php?rest_route=%2Fwp%2Fv2%2Ftags&post=94194"}],"curies":[{"name":"wp","href":"https:\/\/api.w.org\/{rel}","templated":true}]}}