{"id":94197,"date":"2025-10-13T06:45:32","date_gmt":"2025-10-13T12:45:32","guid":{"rendered":"https:\/\/elinformante.mx\/?p=94197"},"modified":"2025-10-13T06:45:36","modified_gmt":"2025-10-13T12:45:36","slug":"smsem-reconoce-la-participacion-de-nuevas-generaciones-en-la-vida-gremial-con-premio-joven-promesa-sindical","status":"publish","type":"post","link":"https:\/\/elinformante.mx\/?p=94197","title":{"rendered":"SMSEM reconoce la participaci\u00f3n de nuevas generaciones en la vida gremial con premio \u201cJoven Promesa Sindical\u201d"},"content":{"rendered":"\n<figure class=\"wp-block-pullquote\"><blockquote><p>-Durante el 73\u00b0 Aniversario de su fundaci\u00f3n, el Sindicato entreg\u00f3 esta distinci\u00f3n a los profesores B\u00e1rbara Ortega y Hugo Guzm\u00e1n.<\/p><\/blockquote><\/figure>\n\n\n\n<p class=\"has-drop-cap\">El Sindicato de Maestros al Servicio del Estado de M\u00e9xico (SMSEM), que encabeza Jenaro Mart\u00ednez Reyes, Secretario General, entreg\u00f3 el Reconocimiento \u201cJoven Promesa Sindical\u201d, una distinci\u00f3n que reafirma la visi\u00f3n del Comit\u00e9 Ejecutivo Estatal 2024-2027 de fortalecer la participaci\u00f3n de las nuevas generaciones en la vida gremial.<br><\/p>\n\n\n\n<p>Este galard\u00f3n, establecido a partir de la reforma estatutaria de 2023 e impulsado por la Secretar\u00eda de Fomento a la Juventud Sindical, reconoce el compromiso, la preparaci\u00f3n y el liderazgo de j\u00f3venes docentes que, desde su pr\u00e1ctica educativa, contribuyen al fortalecimiento del sindicalismo magisterial.<br><\/p>\n\n\n\n<p>La convocatoria gener\u00f3 una amplia respuesta entre las y los docentes del Subsistema Educativo Estatal, resultando galardonados la profesora B\u00e1rbara Rub\u00ed Ortega Ortega, de la Regi\u00f3n Sindical 2, y el profesor Hugo Jos\u00e9 Guzm\u00e1n Hern\u00e1ndez, de la Regi\u00f3n 8.<br><\/p>\n\n\n\n<p>Ambos recibieron la distinci\u00f3n de manos de Jenaro Mart\u00ednez y de Miguel \u00c1ngel Hern\u00e1ndez Espejel, titular de la Secretar\u00eda de Educaci\u00f3n, Ciencia, Tecnolog\u00eda e Innovaci\u00f3n, y de, durante la ceremonia conmemorativa por el 73\u00b0 Aniversario de la organizaci\u00f3n, celebrada en el Auditorio \u201cForjadores de la Unidad Sindical\u201d.<br><\/p>\n\n\n\n<p>La profesora B\u00e1rbara Rub\u00ed Ortega Ortega, adscrita a la Regi\u00f3n Sindical 2, cuenta con 13 a\u00f1os de servicio. Es licenciada en Educaci\u00f3n Primaria y en Pedagog\u00eda, maestra en Formaci\u00f3n Docente y en Ciencias para la Paz, y doctora en Educaci\u00f3n. A lo largo de su carrera se ha desempe\u00f1ado como docente, directora escolar y promotora de salud y medio ambiente. En la vida sindical, ha representado a su delegaci\u00f3n y obtenido el campeonato estatal en oratoria durante los Juegos Magisteriales del SMSEM.<br><\/p>\n\n\n\n<p>Por su parte, Hugo Jos\u00e9 Guzm\u00e1n Hern\u00e1ndez, de la Regi\u00f3n Sindical 8, es licenciado en Educaci\u00f3n Preescolar y en Ciencias de la Educaci\u00f3n, maestro en Educaci\u00f3n Basada en Competencias y doctor en Educaci\u00f3n. Actualmente se desempe\u00f1a como director de Educaci\u00f3n Preescolar y docente frente a grupo en nivel Primaria. Su trayectoria gremial se distingue por ocupar el cargo de Secretario General de la Delegaci\u00f3n J125.<br><\/p>\n\n\n\n<p>Para la dirigencia que encabeza Jenaro Mart\u00ednez, el fortalecimiento del gremio no s\u00f3lo se construye desde la experiencia, sino tambi\u00e9n desde la incorporaci\u00f3n de nuevas voces, ideas y liderazgos, con la convicci\u00f3n de mantener al sindicato unido, din\u00e1mico y cercano a su base.<\/p>\n","protected":false},"excerpt":{"rendered":"<p>-Durante el 73\u00b0 Aniversario de su fundaci\u00f3n, el Sindicato entreg\u00f3 esta distinci\u00f3n a los profesores B\u00e1rbara Ortega y Hugo Guzm\u00e1n. El Sindicato de Maestros al Servicio del Estado de M\u00e9xico (SMSEM), que encabeza Jenaro Mart\u00ednez Reyes, Secretario General, entreg\u00f3 el Reconocimiento \u201cJoven Promesa Sindical\u201d, una distinci\u00f3n que reafirma la visi\u00f3n del Comit\u00e9 Ejecutivo Estatal 2024-2027 [&hellip;]<\/p>\n","protected":false},"author":1,"featured_media":94198,"comment_status":"closed","ping_status":"closed","sticky":false,"template":"","format":"standard","meta":{"footnotes":""},"categories":[36],"tags":[],"class_list":["post-94197","post","type-post","status-publish","format-standard","has-post-thumbnail","hentry","category-edomex"],"_links":{"self":[{"href":"https:\/\/elinformante.mx\/index.php?rest_route=\/wp\/v2\/posts\/94197","targetHints":{"allow":["GET"]}}],"collection":[{"href":"https:\/\/elinformante.mx\/index.php?rest_route=\/wp\/v2\/posts"}],"about":[{"href":"https:\/\/elinformante.mx\/index.php?rest_route=\/wp\/v2\/types\/post"}],"author":[{"embeddable":true,"href":"https:\/\/elinformante.mx\/index.php?rest_route=\/wp\/v2\/users\/1"}],"replies":[{"embeddable":true,"href":"https:\/\/elinformante.mx\/index.php?rest_route=%2Fwp%2Fv2%2Fcomments&post=94197"}],"version-history":[{"count":0,"href":"https:\/\/elinformante.mx\/index.php?rest_route=\/wp\/v2\/posts\/94197\/revisions"}],"wp:featuredmedia":[{"embeddable":true,"href":"https:\/\/elinformante.mx\/index.php?rest_route=\/wp\/v2\/media\/94198"}],"wp:attachment":[{"href":"https:\/\/elinformante.mx\/index.php?rest_route=%2Fwp%2Fv2%2Fmedia&parent=94197"}],"wp:term":[{"taxonomy":"category","embeddable":true,"href":"https:\/\/elinformante.mx\/index.php?rest_route=%2Fwp%2Fv2%2Fcategories&post=94197"},{"taxonomy":"post_tag","embeddable":true,"href":"https:\/\/elinformante.mx\/index.php?rest_route=%2Fwp%2Fv2%2Ftags&post=94197"}],"curies":[{"name":"wp","href":"https:\/\/api.w.org\/{rel}","templated":true}]}}