{"id":94199,"date":"2025-10-13T06:47:43","date_gmt":"2025-10-13T12:47:43","guid":{"rendered":"https:\/\/elinformante.mx\/?p=94199"},"modified":"2025-10-13T06:47:54","modified_gmt":"2025-10-13T12:47:54","slug":"retoma-clases-presenciales-la-facultad-de-contaduria-de-la-uaemex","status":"publish","type":"post","link":"https:\/\/elinformante.mx\/?p=94199","title":{"rendered":"Retoma clases presenciales la Facultad de Contadur\u00eda de la UAEM\u00e9x"},"content":{"rendered":"\n<figure class=\"wp-block-pullquote\"><blockquote><p>Hicieron un llamado a que las actividades transcurran en un esquema de respeto mutuo.<\/p><\/blockquote><\/figure>\n\n\n\n<p class=\"has-drop-cap\">La Facultad de Contadur\u00eda y Administraci\u00f3n (FCA) de la Universidad Aut\u00f3noma del Estado de M\u00e9xico (UAEM\u00e9x) inform\u00f3 que, se lleg\u00f3 a un acuerdo tras realizar la mesa de di\u00e1logo entre autoridades de este espacio acad\u00e9mico con la asamblea estudiantil del plantel, acord\u00e1ndose retomar las actividades escolares, de manera ordinaria hoy lunes 13 de octubre de forma presencial, de manera normal en ambos campus, a partir de las 7 am.<br><\/p>\n\n\n\n<p>La asamblea estudiantil hab\u00eda anunciado retomar el paro de labores por incumplimiento en los compromisos universitarios, y tras la mesa de di\u00e1logo, encabezada por el director Juan Carlos Montes de Oca L\u00f3pez, en la que se reafirm\u00f3, por ambas partes, que se continuar\u00e1 trabajando en las demandas y exigencias de la comunidad estudiantil.<br><\/p>\n\n\n\n<p>Autoridades directivas de la Facultad de Contadur\u00eda y Administraci\u00f3n hicieron un llamado a que las actividades transcurran en un esquema de respeto mutuo y enfatizaron la importancia de optar siempre por la v\u00eda del di\u00e1logo y la conciliaci\u00f3n en beneficio de toda la comunidad.<br><\/p>\n\n\n\n<p>\u201cRechazamos cualquier manifestaci\u00f3n de violencia hacia quienes integran la asamblea estudiantil o cualquier integrante de la comunidad\u201d.<br><\/p>\n\n\n\n<p>La Asamblea Estudiantil de la FCA, detall\u00f3 que, la decisi\u00f3n de retomar las clases presenciales, deriv\u00f3 de los acuerdos alcanzados con las autoridades competentes, quienes han confirmado el inicio de una auditor\u00eda en la Facultad, as\u00ed como procesos legales y administrativos relacionados con casos de acoso y ciberacoso hacia integrantes de la Asamblea Estudiantil, los cuales ser\u00e1n atendidos en coordinaci\u00f3n con la Consejer\u00eda Jur\u00eddica.<br><\/p>\n\n\n\n<p>Se\u00f1alaron que paralelamente a su petici\u00f3n, la Asamblea Estudiantil iniciar\u00e1 un proceso formal para solicitar su destituci\u00f3n, a trav\u00e9s de las v\u00edas institucionales correspondientes.<br><\/p>\n\n\n\n<p>La Asamblea Estudiantil de Contadur\u00eda y Administraci\u00f3n reiter\u00f3 el compromiso por tener una Facultad justa, segura y respetuosa de los derechos de toda la comunidad universitaria, avanzando hacia una nueva etapa de di\u00e1logo, justicia y reconstrucci\u00f3n colectiva.<\/p>\n","protected":false},"excerpt":{"rendered":"<p>Hicieron un llamado a que las actividades transcurran en un esquema de respeto mutuo. La Facultad de Contadur\u00eda y Administraci\u00f3n (FCA) de la Universidad Aut\u00f3noma del Estado de M\u00e9xico (UAEM\u00e9x) inform\u00f3 que, se lleg\u00f3 a un acuerdo tras realizar la mesa de di\u00e1logo entre autoridades de este espacio acad\u00e9mico con la asamblea estudiantil del plantel, [&hellip;]<\/p>\n","protected":false},"author":1,"featured_media":94200,"comment_status":"closed","ping_status":"closed","sticky":false,"template":"","format":"standard","meta":{"footnotes":""},"categories":[30,36],"tags":[],"class_list":["post-94199","post","type-post","status-publish","format-standard","has-post-thumbnail","hentry","category-destacado","category-edomex"],"_links":{"self":[{"href":"https:\/\/elinformante.mx\/index.php?rest_route=\/wp\/v2\/posts\/94199","targetHints":{"allow":["GET"]}}],"collection":[{"href":"https:\/\/elinformante.mx\/index.php?rest_route=\/wp\/v2\/posts"}],"about":[{"href":"https:\/\/elinformante.mx\/index.php?rest_route=\/wp\/v2\/types\/post"}],"author":[{"embeddable":true,"href":"https:\/\/elinformante.mx\/index.php?rest_route=\/wp\/v2\/users\/1"}],"replies":[{"embeddable":true,"href":"https:\/\/elinformante.mx\/index.php?rest_route=%2Fwp%2Fv2%2Fcomments&post=94199"}],"version-history":[{"count":0,"href":"https:\/\/elinformante.mx\/index.php?rest_route=\/wp\/v2\/posts\/94199\/revisions"}],"wp:featuredmedia":[{"embeddable":true,"href":"https:\/\/elinformante.mx\/index.php?rest_route=\/wp\/v2\/media\/94200"}],"wp:attachment":[{"href":"https:\/\/elinformante.mx\/index.php?rest_route=%2Fwp%2Fv2%2Fmedia&parent=94199"}],"wp:term":[{"taxonomy":"category","embeddable":true,"href":"https:\/\/elinformante.mx\/index.php?rest_route=%2Fwp%2Fv2%2Fcategories&post=94199"},{"taxonomy":"post_tag","embeddable":true,"href":"https:\/\/elinformante.mx\/index.php?rest_route=%2Fwp%2Fv2%2Ftags&post=94199"}],"curies":[{"name":"wp","href":"https:\/\/api.w.org\/{rel}","templated":true}]}}