{"id":94201,"date":"2025-10-13T06:51:40","date_gmt":"2025-10-13T12:51:40","guid":{"rendered":"https:\/\/elinformante.mx\/?p=94201"},"modified":"2025-10-13T06:51:56","modified_gmt":"2025-10-13T12:51:56","slug":"suem-conmemora-su-49-aniversario-han-atendido-a-mas-de-15-mil-personas","status":"publish","type":"post","link":"https:\/\/elinformante.mx\/?p=94201","title":{"rendered":"SUEM conmemora su 49 aniversario; han atendido a m\u00e1s de 15 mil personas"},"content":{"rendered":"\n<figure class=\"wp-block-pullquote\"><blockquote><p>-El Servicio de Urgencias del Estado de M\u00e9xico es referente en atenci\u00f3n prehospitalaria y rescate.<\/p><\/blockquote><\/figure>\n\n\n\n<p class=\"has-drop-cap\">Desde su creaci\u00f3n, el Servicio de Urgencias del Estado de M\u00e9xico (SUEM) se ha consolidado como una instituci\u00f3n esencial en la atenci\u00f3n m\u00e9dica prehospitalaria, el rescate y la respuesta ante emergencias. Con personal altamente capacitado y profundo sentido humano, el SUEM forma parte fundamental de la protecci\u00f3n civil y del sistema de salud estatal.<br><\/p>\n\n\n\n<p>Con motivo de su 49 aniversario, el Gobierno del Estado de M\u00e9xico, encabezado por la Maestra Delfina G\u00f3mez \u00c1lvarez, a trav\u00e9s de la Secretar\u00eda de Salud, reconoce la trayectoria del SUEM y la dedicaci\u00f3n del personal operativo, t\u00e9cnico y administrativo que brinda atenci\u00f3n a la poblaci\u00f3n las 24 horas del d\u00eda, los 365 d\u00edas del a\u00f1o.<br><\/p>\n\n\n\n<p>El Subdirector del SUEM, Ricardo Rodr\u00edguez de la Cuadra, inform\u00f3 que la instituci\u00f3n dispone de 247 elementos altamente calificados, quienes en lo que va del a\u00f1o han atendido a 15 mil 700 personas, reflejo de su eficiencia operativa y del compromiso permanente de su equipo.<br><\/p>\n\n\n\n<p>Asimismo, la dependencia cuenta con 136 unidades, entre ambulancias y camiones de rescate, de las cuales, 31 son de reciente incorporaci\u00f3n, lo que fortalece la capacidad de respuesta inmediata mediante la coordinaci\u00f3n interinstitucional impulsada durante la actual administraci\u00f3n.<br><\/p>\n\n\n\n<p>El servicio mantiene seis bases operativas en Toluca, Ecatepec, Atlacomulco, Villa Victoria, Huixquilucan e Ixtapan de la Sal, y opera con unidades especializadas en rescate acu\u00e1tico, urbano, vertical y con apoyo K9, lo que le permite atender emergencias en todo tipo de terreno y condiciones.<br><\/p>\n\n\n\n<p>Adem\u00e1s, el SUEM integr\u00f3 a su equipo tres caninos de raza pastor belga malinois, que actualmente se encuentran en proceso de recibir nombre. La Secretar\u00eda de Salud invita a la poblaci\u00f3n a participar en esta elecci\u00f3n a trav\u00e9s de sus redes sociales oficiales.<\/p>\n","protected":false},"excerpt":{"rendered":"<p>-El Servicio de Urgencias del Estado de M\u00e9xico es referente en atenci\u00f3n prehospitalaria y rescate. Desde su creaci\u00f3n, el Servicio de Urgencias del Estado de M\u00e9xico (SUEM) se ha consolidado como una instituci\u00f3n esencial en la atenci\u00f3n m\u00e9dica prehospitalaria, el rescate y la respuesta ante emergencias. Con personal altamente capacitado y profundo sentido humano, el [&hellip;]<\/p>\n","protected":false},"author":1,"featured_media":94202,"comment_status":"closed","ping_status":"closed","sticky":false,"template":"","format":"standard","meta":{"footnotes":""},"categories":[36],"tags":[],"class_list":["post-94201","post","type-post","status-publish","format-standard","has-post-thumbnail","hentry","category-edomex"],"_links":{"self":[{"href":"https:\/\/elinformante.mx\/index.php?rest_route=\/wp\/v2\/posts\/94201","targetHints":{"allow":["GET"]}}],"collection":[{"href":"https:\/\/elinformante.mx\/index.php?rest_route=\/wp\/v2\/posts"}],"about":[{"href":"https:\/\/elinformante.mx\/index.php?rest_route=\/wp\/v2\/types\/post"}],"author":[{"embeddable":true,"href":"https:\/\/elinformante.mx\/index.php?rest_route=\/wp\/v2\/users\/1"}],"replies":[{"embeddable":true,"href":"https:\/\/elinformante.mx\/index.php?rest_route=%2Fwp%2Fv2%2Fcomments&post=94201"}],"version-history":[{"count":0,"href":"https:\/\/elinformante.mx\/index.php?rest_route=\/wp\/v2\/posts\/94201\/revisions"}],"wp:featuredmedia":[{"embeddable":true,"href":"https:\/\/elinformante.mx\/index.php?rest_route=\/wp\/v2\/media\/94202"}],"wp:attachment":[{"href":"https:\/\/elinformante.mx\/index.php?rest_route=%2Fwp%2Fv2%2Fmedia&parent=94201"}],"wp:term":[{"taxonomy":"category","embeddable":true,"href":"https:\/\/elinformante.mx\/index.php?rest_route=%2Fwp%2Fv2%2Fcategories&post=94201"},{"taxonomy":"post_tag","embeddable":true,"href":"https:\/\/elinformante.mx\/index.php?rest_route=%2Fwp%2Fv2%2Ftags&post=94201"}],"curies":[{"name":"wp","href":"https:\/\/api.w.org\/{rel}","templated":true}]}}