{"id":94203,"date":"2025-10-13T06:53:27","date_gmt":"2025-10-13T12:53:27","guid":{"rendered":"https:\/\/elinformante.mx\/?p=94203"},"modified":"2025-10-13T06:53:46","modified_gmt":"2025-10-13T12:53:46","slug":"encabeza-ana-muniz-neyra-paseo-ciclista-sobre-mexivia-recreativa","status":"publish","type":"post","link":"https:\/\/elinformante.mx\/?p=94203","title":{"rendered":"Encabeza Ana Mu\u00f1iz Neyra paseo ciclista sobre Mexiv\u00eda Recreativa"},"content":{"rendered":"\n<figure class=\"wp-block-pullquote\"><blockquote><p>Decenas de familias, ciclistas y deportistas se dieron cita para participar en la rodada que uni\u00f3 a los municipios de Toluca y San Mateo Atenco.<\/p><\/blockquote><\/figure>\n\n\n\n<p class=\"has-drop-cap\">Se dio inicio a la primera rodada en la reci\u00e9n inaugurada Mexiv\u00eda Recreativa que uni\u00f3 a los municipios de Toluca y San Mateo Atenco, este evento fue encabezado por la presidenta municipal de San Mateo Atenco, Ana Mu\u00f1iz Neyra, quien destac\u00f3 que este tipo de actividades representan una oportunidad para fortalecer el tejido social y promover estilos de vida saludables.<br><\/p>\n\n\n\n<p>Decenas de familias, ciclistas y deportistas se dieron cita para participar en la rodada que fomenta la actividad f\u00edsica, la convivencia y el uso responsable de la v\u00eda p\u00fablica.<br><\/p>\n\n\n\n<p>\u201cFue un gusto ver a tantas familias, colectivos de ciclistas, deportistas y vecinos disfrutar de una ma\u00f1ana tan llena de \u00e1nimo y energ\u00eda\u201d, expres\u00f3 la alcaldesa en sus redes sociales.<br><\/p>\n\n\n\n<p>Colectivos ciclistas como Bicionarias Valle de Toluca y Bici Metepec celebraron la propuesta que asegura buscan ganar espacios para los usuarios de la v\u00eda y tambi\u00e9n ser sitios inclusivos para personas que presenten alguna discapacidad.<br><\/p>\n\n\n\n<p>La iniciativa que impulsa la Secretar\u00eda de Movilidad del Estado de M\u00e9xico (Semov) tiene el objetivo que peatones y ciclistas disfruten de este tramo carretero libre de autom\u00f3viles y se lleven cabo diversas actividades culturales, art\u00edsticas y recreativas con poblaci\u00f3n trotando, en patines y rodando.<br><\/p>\n\n\n\n<p>Este recorrido inici\u00f3 en Toluca y concluy\u00f3 en San Mateo Atenco, durante el trayecto, personal de tr\u00e1nsito y protecci\u00f3n civil acompa\u00f1\u00f3 a los asistentes para garantizar su seguridad en todo momento.<br><\/p>\n\n\n\n<p>La Mexiv\u00eda Recreativa es un enorme proyecto impulsado para los gobiernos, tanto estatal como de los municipios de Toluca y San Mateo.<br><\/p>\n\n\n\n<p>Mu\u00f1iz Neyra resalt\u00f3 que la Mexiv\u00eda Recreativa no solo fomenta el deporte, sino que tambi\u00e9n refuerza la integraci\u00f3n familiar y la recuperaci\u00f3n de espacios p\u00fablicos.<br><\/p>\n\n\n\n<p>En colaboraci\u00f3n con dependencias estatales, los gobiernos municipales contin\u00faan promoviendo pol\u00edticas que favorecen el uso de medios de transporte no motorizados y la creaci\u00f3n de espacios accesibles para toda la poblaci\u00f3n.<br><\/p>\n\n\n\n<p>Toluca y San Mateo Atenco se consolidan como municipios aliados en la construcci\u00f3n de un entorno m\u00e1s sustentable, donde el deporte y la convivencia sean parte esencial de la vida diaria de sus habitantes.<br><\/p>\n\n\n\n<p>La Mexiv\u00eda Recreativa se reafirma como un punto de encuentro para quienes buscan disfrutar del espacio p\u00fablico de manera segura, activa y saludable.<br><\/p>\n\n\n\n<p>Y es que con eventos como este, el Estado de M\u00e9xico contin\u00faa avanzando hacia la construcci\u00f3n de un modelo de ciudades m\u00e1s humanas y conectadas, donde el respeto, la inclusi\u00f3n y el bienestar colectivo sean las rutas que gu\u00eden el futuro de sus comunidades.<\/p>\n","protected":false},"excerpt":{"rendered":"<p>Decenas de familias, ciclistas y deportistas se dieron cita para participar en la rodada que uni\u00f3 a los municipios de Toluca y San Mateo Atenco. Se dio inicio a la primera rodada en la reci\u00e9n inaugurada Mexiv\u00eda Recreativa que uni\u00f3 a los municipios de Toluca y San Mateo Atenco, este evento fue encabezado por la [&hellip;]<\/p>\n","protected":false},"author":1,"featured_media":94204,"comment_status":"closed","ping_status":"closed","sticky":false,"template":"","format":"standard","meta":{"footnotes":""},"categories":[30,36],"tags":[],"class_list":["post-94203","post","type-post","status-publish","format-standard","has-post-thumbnail","hentry","category-destacado","category-edomex"],"_links":{"self":[{"href":"https:\/\/elinformante.mx\/index.php?rest_route=\/wp\/v2\/posts\/94203","targetHints":{"allow":["GET"]}}],"collection":[{"href":"https:\/\/elinformante.mx\/index.php?rest_route=\/wp\/v2\/posts"}],"about":[{"href":"https:\/\/elinformante.mx\/index.php?rest_route=\/wp\/v2\/types\/post"}],"author":[{"embeddable":true,"href":"https:\/\/elinformante.mx\/index.php?rest_route=\/wp\/v2\/users\/1"}],"replies":[{"embeddable":true,"href":"https:\/\/elinformante.mx\/index.php?rest_route=%2Fwp%2Fv2%2Fcomments&post=94203"}],"version-history":[{"count":0,"href":"https:\/\/elinformante.mx\/index.php?rest_route=\/wp\/v2\/posts\/94203\/revisions"}],"wp:featuredmedia":[{"embeddable":true,"href":"https:\/\/elinformante.mx\/index.php?rest_route=\/wp\/v2\/media\/94204"}],"wp:attachment":[{"href":"https:\/\/elinformante.mx\/index.php?rest_route=%2Fwp%2Fv2%2Fmedia&parent=94203"}],"wp:term":[{"taxonomy":"category","embeddable":true,"href":"https:\/\/elinformante.mx\/index.php?rest_route=%2Fwp%2Fv2%2Fcategories&post=94203"},{"taxonomy":"post_tag","embeddable":true,"href":"https:\/\/elinformante.mx\/index.php?rest_route=%2Fwp%2Fv2%2Ftags&post=94203"}],"curies":[{"name":"wp","href":"https:\/\/api.w.org\/{rel}","templated":true}]}}