{"id":94208,"date":"2025-10-13T07:03:02","date_gmt":"2025-10-13T13:03:02","guid":{"rendered":"https:\/\/elinformante.mx\/?p=94208"},"modified":"2025-10-13T07:03:29","modified_gmt":"2025-10-13T13:03:29","slug":"arrancara-en-noviembre-proyecto-para-terminar-con-los-baches-en-el-edomex-horacio-duarte","status":"publish","type":"post","link":"https:\/\/elinformante.mx\/?p=94208","title":{"rendered":"Arrancar\u00e1 en noviembre proyecto para terminar con los baches en el Edom\u00e9x: Horacio Duarte"},"content":{"rendered":"\n<figure class=\"wp-block-pullquote\"><blockquote><p>Se tendr\u00e1 una fuerte inversi\u00f3n para reparar vialidades y carreteras estatales para acabar con el problema de los baches en toda la entidad.<\/p><\/blockquote><\/figure>\n\n\n\n<p class=\"has-drop-cap\">Se inform\u00f3 que el Gobierno de la Maestra Delfina G\u00f3mez \u00c1lvarez arrancar\u00e1 en noviembre pr\u00f3ximo un proyecto de inversi\u00f3n en carreteras y v\u00edas de comunicaci\u00f3n intermunicipales del Estado de M\u00e9xico para terminar con el problema de los baches en la entidad.<br><\/p>\n\n\n\n<figure class=\"wp-block-image size-large\"><img fetchpriority=\"high\" decoding=\"async\" width=\"1024\" height=\"506\" src=\"https:\/\/elinformante.mx\/wp-content\/uploads\/2025\/10\/8horacio-1-1024x506.jpg\" alt=\"\" class=\"wp-image-94210\" srcset=\"https:\/\/elinformante.mx\/wp-content\/uploads\/2025\/10\/8horacio-1-1024x506.jpg 1024w, https:\/\/elinformante.mx\/wp-content\/uploads\/2025\/10\/8horacio-1-300x148.jpg 300w, https:\/\/elinformante.mx\/wp-content\/uploads\/2025\/10\/8horacio-1-768x379.jpg 768w, https:\/\/elinformante.mx\/wp-content\/uploads\/2025\/10\/8horacio-1.jpg 1140w\" sizes=\"(max-width: 1024px) 100vw, 1024px\" \/><\/figure>\n\n\n\n<p>De esta manera lo dio a conocer el secretario general de Gobierno, Horacio Duarte Olivares, qui\u00e9n lo inform\u00f3 durante su comparecencia ante la LXII Legislatura local en d\u00edas pasados con motivo de la Glosa del Segundo Informe de la Gobernadora.<br><\/p>\n\n\n\n<p>Destac\u00f3 que dicho proyecto es el m\u00e1s grande de inversi\u00f3n en carreteras estatales de la administraci\u00f3n, que incluye carreteras y vialidades intermunicipales que tendr\u00e1n el \u00fanico objetivo de terminar con el problema de los baches en toda la entidad y se pondr\u00e1 en marcha cuando concluya la temporada de lluvias y hasta marzo, periodo de menor precipitaci\u00f3n pluvial.<br><\/p>\n\n\n\n<figure class=\"wp-block-image size-large\"><img decoding=\"async\" width=\"1024\" height=\"506\" src=\"https:\/\/elinformante.mx\/wp-content\/uploads\/2025\/10\/8horacio-3-1-1024x506.jpg\" alt=\"\" class=\"wp-image-94211\" srcset=\"https:\/\/elinformante.mx\/wp-content\/uploads\/2025\/10\/8horacio-3-1-1024x506.jpg 1024w, https:\/\/elinformante.mx\/wp-content\/uploads\/2025\/10\/8horacio-3-1-300x148.jpg 300w, https:\/\/elinformante.mx\/wp-content\/uploads\/2025\/10\/8horacio-3-1-768x379.jpg 768w, https:\/\/elinformante.mx\/wp-content\/uploads\/2025\/10\/8horacio-3-1.jpg 1140w\" sizes=\"(max-width: 1024px) 100vw, 1024px\" \/><\/figure>\n\n\n\n<p>\u201cSabemos que es un pendiente, y este pendiente se va a asumir. No buscamos eludir responsabilidades ni recurrimos al pasado para decir que no vamos a enfrentar los problemas, porque la gente vot\u00f3 por un proyecto de transformaci\u00f3n del presente y el futuro, y as\u00ed lo va os a seguir haciendo para no eludir nuestras responsabilidades\u201d, afirm\u00f3 el encargado de la pol\u00edtica interna estatal.<br><\/p>\n\n\n\n<p>Al abundar sobre el tema, Duarte Olivares reconoci\u00f3 ante los legisladores que es un tema que genera controversia y que exige una pronta soluci\u00f3n. Explic\u00f3 que los recursos que tiene la Junta de Caminos del Estado de M\u00e9xico est\u00e1n comprometidos en un 90% para PPS, Proyectos de Prestaci\u00f3n de Servicios.<br><\/p>\n\n\n\n<figure class=\"wp-block-image size-large\"><img decoding=\"async\" width=\"1024\" height=\"506\" src=\"https:\/\/elinformante.mx\/wp-content\/uploads\/2025\/10\/8horacio-5-1-1024x506.jpg\" alt=\"\" class=\"wp-image-94212\" srcset=\"https:\/\/elinformante.mx\/wp-content\/uploads\/2025\/10\/8horacio-5-1-1024x506.jpg 1024w, https:\/\/elinformante.mx\/wp-content\/uploads\/2025\/10\/8horacio-5-1-300x148.jpg 300w, https:\/\/elinformante.mx\/wp-content\/uploads\/2025\/10\/8horacio-5-1-768x379.jpg 768w, https:\/\/elinformante.mx\/wp-content\/uploads\/2025\/10\/8horacio-5-1.jpg 1140w\" sizes=\"(max-width: 1024px) 100vw, 1024px\" \/><\/figure>\n\n\n\n<p>Duarte Olivares se\u00f1al\u00f3 que el gobierno deber\u00e1 saldar este enorme pendiente que tienen con los mexiquenses y asegur\u00f3 que el gobierno no eludir\u00e1 responsabilidades ni justificar\u00e1 los problemas heredados.<br><\/p>\n\n\n\n<p>Sin embargo, consider\u00f3 que, en consecuencia, ser\u00e1 necesario ampliar ese mecanismo para que los recursos fluyan para la infraestructura e inversi\u00f3n y no solo para estar pagando deudas del pasado.<\/p>\n\n\n\n<figure class=\"wp-block-image size-large\"><img loading=\"lazy\" decoding=\"async\" width=\"1024\" height=\"506\" src=\"https:\/\/elinformante.mx\/wp-content\/uploads\/2025\/10\/8horacio-2-1-1024x506.jpg\" alt=\"\" class=\"wp-image-94213\" srcset=\"https:\/\/elinformante.mx\/wp-content\/uploads\/2025\/10\/8horacio-2-1-1024x506.jpg 1024w, https:\/\/elinformante.mx\/wp-content\/uploads\/2025\/10\/8horacio-2-1-300x148.jpg 300w, https:\/\/elinformante.mx\/wp-content\/uploads\/2025\/10\/8horacio-2-1-768x379.jpg 768w, https:\/\/elinformante.mx\/wp-content\/uploads\/2025\/10\/8horacio-2-1.jpg 1140w\" sizes=\"(max-width: 1024px) 100vw, 1024px\" \/><\/figure>\n","protected":false},"excerpt":{"rendered":"<p>Se tendr\u00e1 una fuerte inversi\u00f3n para reparar vialidades y carreteras estatales para acabar con el problema de los baches en toda la entidad. Se inform\u00f3 que el Gobierno de la Maestra Delfina G\u00f3mez \u00c1lvarez arrancar\u00e1 en noviembre pr\u00f3ximo un proyecto de inversi\u00f3n en carreteras y v\u00edas de comunicaci\u00f3n intermunicipales del Estado de M\u00e9xico para terminar [&hellip;]<\/p>\n","protected":false},"author":1,"featured_media":94209,"comment_status":"closed","ping_status":"closed","sticky":false,"template":"","format":"standard","meta":{"footnotes":""},"categories":[30,36,31],"tags":[46],"class_list":["post-94208","post","type-post","status-publish","format-standard","has-post-thumbnail","hentry","category-destacado","category-edomex","category-portada","tag-portadaedomex"],"_links":{"self":[{"href":"https:\/\/elinformante.mx\/index.php?rest_route=\/wp\/v2\/posts\/94208","targetHints":{"allow":["GET"]}}],"collection":[{"href":"https:\/\/elinformante.mx\/index.php?rest_route=\/wp\/v2\/posts"}],"about":[{"href":"https:\/\/elinformante.mx\/index.php?rest_route=\/wp\/v2\/types\/post"}],"author":[{"embeddable":true,"href":"https:\/\/elinformante.mx\/index.php?rest_route=\/wp\/v2\/users\/1"}],"replies":[{"embeddable":true,"href":"https:\/\/elinformante.mx\/index.php?rest_route=%2Fwp%2Fv2%2Fcomments&post=94208"}],"version-history":[{"count":0,"href":"https:\/\/elinformante.mx\/index.php?rest_route=\/wp\/v2\/posts\/94208\/revisions"}],"wp:featuredmedia":[{"embeddable":true,"href":"https:\/\/elinformante.mx\/index.php?rest_route=\/wp\/v2\/media\/94209"}],"wp:attachment":[{"href":"https:\/\/elinformante.mx\/index.php?rest_route=%2Fwp%2Fv2%2Fmedia&parent=94208"}],"wp:term":[{"taxonomy":"category","embeddable":true,"href":"https:\/\/elinformante.mx\/index.php?rest_route=%2Fwp%2Fv2%2Fcategories&post=94208"},{"taxonomy":"post_tag","embeddable":true,"href":"https:\/\/elinformante.mx\/index.php?rest_route=%2Fwp%2Fv2%2Ftags&post=94208"}],"curies":[{"name":"wp","href":"https:\/\/api.w.org\/{rel}","templated":true}]}}