{"id":94214,"date":"2025-10-13T07:05:51","date_gmt":"2025-10-13T13:05:51","guid":{"rendered":"https:\/\/elinformante.mx\/?p=94214"},"modified":"2025-10-13T07:05:59","modified_gmt":"2025-10-13T13:05:59","slug":"alcaldia-cuauhtemoc-y-comerciantes-unen-fuerzas-en-jornada-de-limpieza-en-via-publica","status":"publish","type":"post","link":"https:\/\/elinformante.mx\/?p=94214","title":{"rendered":"Alcald\u00eda Cuauht\u00e9moc y comerciantes unen fuerzas en Jornada de Limpieza en v\u00eda p\u00fablica"},"content":{"rendered":"\n<figure class=\"wp-block-pullquote\"><blockquote><p>-Las acciones incluyeron lavado de calles, retiro de postes abandonados, descableado, bacheo y reparaci\u00f3n de banquetas en la colonia San Rafael.<\/p><\/blockquote><\/figure>\n\n\n\n<p class=\"has-drop-cap\">El Gobierno de la Alcald\u00eda Cuauht\u00e9moc, encabezado por Alessandra Rojo de la Vega, en coordinaci\u00f3n con comerciantes de la zona, llev\u00f3 a cabo una jornada integral de limpieza y recuperaci\u00f3n de v\u00eda p\u00fablica en la calle R\u00f3sales esquina con avenida M\u00e9xico Tenochtitl\u00e1n, como parte del programa permanente de mejoramiento del espacio p\u00fablico y seguridad ciudadana.<br><\/p>\n\n\n\n<p>Durante los trabajos, personal de la Direcci\u00f3n de Mercados y V\u00eda P\u00fablica y los comerciantes unieron esfuerzos para realizar labores de lavado de la v\u00eda p\u00fablica, retiro de postes telef\u00f3nicos abandonados, descableado a\u00e9reo, eliminaci\u00f3n de grafiti en jardineras, pintura de balizamiento y jardineras, as\u00ed como la reparaci\u00f3n de banquetas da\u00f1adas.<br><\/p>\n\n\n\n<p>Adem\u00e1s, se efectuaron acciones complementarias de bacheo en la calle Francisco de Lorenzana, colonia San Rafael y el retiro de mostrencos en el per\u00edmetro del Parque Jard\u00edn Tabacalera, en seguimiento al plan de mantenimiento urbano de la demarcaci\u00f3n.<br><\/p>\n\n\n\n<figure class=\"wp-block-image size-large\"><img fetchpriority=\"high\" decoding=\"async\" width=\"1024\" height=\"506\" src=\"https:\/\/elinformante.mx\/wp-content\/uploads\/2025\/10\/6alcaldia-3-1024x506.jpeg\" alt=\"\" class=\"wp-image-94216\" srcset=\"https:\/\/elinformante.mx\/wp-content\/uploads\/2025\/10\/6alcaldia-3-1024x506.jpeg 1024w, https:\/\/elinformante.mx\/wp-content\/uploads\/2025\/10\/6alcaldia-3-300x148.jpeg 300w, https:\/\/elinformante.mx\/wp-content\/uploads\/2025\/10\/6alcaldia-3-768x379.jpeg 768w, https:\/\/elinformante.mx\/wp-content\/uploads\/2025\/10\/6alcaldia-3.jpeg 1140w\" sizes=\"(max-width: 1024px) 100vw, 1024px\" \/><\/figure>\n\n\n\n<p>La alcaldesa Ale Rojo de la Vega destac\u00f3 que estas jornadas reflejan el nuevo modelo de colaboraci\u00f3n entre ciudadan\u00eda y gobierno, que ha permitido a la Cuauht\u00e9moc convertirse en la alcald\u00eda con m\u00e1s metros cuadrados de limpieza, liberaci\u00f3n de v\u00eda p\u00fablica, reparaci\u00f3n y recuperaci\u00f3n de espacios en toda la Ciudad de M\u00e9xico.<br><\/p>\n\n\n\n<p>\u201cEsto no se hab\u00eda hecho antes en la Cuauht\u00e9moc. Hoy trabajamos codo a codo con las y los comerciantes, sin pretextos, con resultados visibles. Estamos recuperando nuestras calles, devolvi\u00e9ndoles el orden, la seguridad y el orgullo a los vecinos\u201d, se\u00f1al\u00f3 la edil.<br><\/p>\n\n\n\n<p>La mandataria subray\u00f3 que la suma de esfuerzos ha sido fundamental para mejorar las condiciones del espacio p\u00fablico, brindar m\u00e1s seguridad peatonal y mejorar la imagen urbana de las colonias de la demarcaci\u00f3n.<\/p>\n","protected":false},"excerpt":{"rendered":"<p>-Las acciones incluyeron lavado de calles, retiro de postes abandonados, descableado, bacheo y reparaci\u00f3n de banquetas en la colonia San Rafael. El Gobierno de la Alcald\u00eda Cuauht\u00e9moc, encabezado por Alessandra Rojo de la Vega, en coordinaci\u00f3n con comerciantes de la zona, llev\u00f3 a cabo una jornada integral de limpieza y recuperaci\u00f3n de v\u00eda p\u00fablica en [&hellip;]<\/p>\n","protected":false},"author":1,"featured_media":94215,"comment_status":"closed","ping_status":"closed","sticky":false,"template":"","format":"standard","meta":{"footnotes":""},"categories":[35],"tags":[],"class_list":["post-94214","post","type-post","status-publish","format-standard","has-post-thumbnail","hentry","category-cdmx"],"_links":{"self":[{"href":"https:\/\/elinformante.mx\/index.php?rest_route=\/wp\/v2\/posts\/94214","targetHints":{"allow":["GET"]}}],"collection":[{"href":"https:\/\/elinformante.mx\/index.php?rest_route=\/wp\/v2\/posts"}],"about":[{"href":"https:\/\/elinformante.mx\/index.php?rest_route=\/wp\/v2\/types\/post"}],"author":[{"embeddable":true,"href":"https:\/\/elinformante.mx\/index.php?rest_route=\/wp\/v2\/users\/1"}],"replies":[{"embeddable":true,"href":"https:\/\/elinformante.mx\/index.php?rest_route=%2Fwp%2Fv2%2Fcomments&post=94214"}],"version-history":[{"count":0,"href":"https:\/\/elinformante.mx\/index.php?rest_route=\/wp\/v2\/posts\/94214\/revisions"}],"wp:featuredmedia":[{"embeddable":true,"href":"https:\/\/elinformante.mx\/index.php?rest_route=\/wp\/v2\/media\/94215"}],"wp:attachment":[{"href":"https:\/\/elinformante.mx\/index.php?rest_route=%2Fwp%2Fv2%2Fmedia&parent=94214"}],"wp:term":[{"taxonomy":"category","embeddable":true,"href":"https:\/\/elinformante.mx\/index.php?rest_route=%2Fwp%2Fv2%2Fcategories&post=94214"},{"taxonomy":"post_tag","embeddable":true,"href":"https:\/\/elinformante.mx\/index.php?rest_route=%2Fwp%2Fv2%2Ftags&post=94214"}],"curies":[{"name":"wp","href":"https:\/\/api.w.org\/{rel}","templated":true}]}}