{"id":94217,"date":"2025-10-13T07:08:32","date_gmt":"2025-10-13T13:08:32","guid":{"rendered":"https:\/\/elinformante.mx\/?p=94217"},"modified":"2025-10-13T07:09:18","modified_gmt":"2025-10-13T13:09:18","slug":"iniciaran-obras-para-rehabilitar-los-pasos-a-desnivel-en-calzada-de-tlalpan","status":"publish","type":"post","link":"https:\/\/elinformante.mx\/?p=94217","title":{"rendered":"Iniciar\u00e1n obras para rehabilitar los pasos a desnivel en Calzada de Tlalpan"},"content":{"rendered":"\n<figure class=\"wp-block-pullquote\"><blockquote><p>Las y los locatarios entregaron de manera voluntaria los espacios.<\/p><\/blockquote><\/figure>\n\n\n\n<p class=\"has-drop-cap\">En el transcurso de octubre iniciar\u00e1 la rehabilitaci\u00f3n de los pasos a desnivel ubicados en Calzada de Tlalpan. De los 34 pasos existentes, la primera etapa de obras abarcar\u00e1 los 12 comprendidos entre la Plaza Tlaxcoaque y la estaci\u00f3n Chabacano del Metro.<br><\/p>\n\n\n\n<p>Con el objetivo de avanzar en el reordenamiento del comercio y en los trabajos de rehabilitaci\u00f3n, acondicionamiento y modernizaci\u00f3n de estos espacios, el secretario de Gobierno, C\u00e9sar Cravioto Romero, encabez\u00f3 un recorrido por varios de ellos, despu\u00e9s de diversas visitas y reuniones conjuntas con Servicios Metropolitanos (SERVIMET).<br><\/p>\n\n\n\n<p>Acompa\u00f1ado del subsecretario de Programas de Alcald\u00edas y Reordenamiento de la V\u00eda P\u00fablica (SPARVP), Adolfo Llubere Sevilla, y del director General de SERVIMET, Carlos Mackinlay, el Secretario de Gobierno escuch\u00f3 puntualmente los comentarios de las y los locatarios y atendi\u00f3 sus dudas, reiterando el compromiso del Gobierno de la Ciudad de M\u00e9xico para garantizar que puedan regresar a sus espacios de trabajo una vez concluidas las obras de rehabilitaci\u00f3n.<br><\/p>\n\n\n\n<figure class=\"wp-block-image size-large\"><img fetchpriority=\"high\" decoding=\"async\" width=\"1024\" height=\"506\" src=\"https:\/\/elinformante.mx\/wp-content\/uploads\/2025\/10\/6iniciaran-1024x506.jpeg\" alt=\"\" class=\"wp-image-94220\" srcset=\"https:\/\/elinformante.mx\/wp-content\/uploads\/2025\/10\/6iniciaran-1024x506.jpeg 1024w, https:\/\/elinformante.mx\/wp-content\/uploads\/2025\/10\/6iniciaran-300x148.jpeg 300w, https:\/\/elinformante.mx\/wp-content\/uploads\/2025\/10\/6iniciaran-768x379.jpeg 768w, https:\/\/elinformante.mx\/wp-content\/uploads\/2025\/10\/6iniciaran.jpeg 1140w\" sizes=\"(max-width: 1024px) 100vw, 1024px\" \/><\/figure>\n\n\n\n<p>Las y los locatarios entregaron de manera voluntaria los espacios, tras acordar con las autoridades trabajar con plena confianza para contar con lugares dignos, limpios y seguros, donde puedan desarrollar sus actividades comerciales.<br><\/p>\n\n\n\n<p>Iv\u00e1n Fonseca, de la Secretar\u00eda de Obras y Servicios (SOBSE), explic\u00f3 los pormenores de las obras y la necesidad de despejar los pasos a desnivel por motivos de seguridad para las personas y transe\u00fantes. En el recorrido tambi\u00e9n particip\u00f3 la tercera visitadora adjunta de investigaci\u00f3n de la Comisi\u00f3n de Derechos Humanos de la Ciudad de M\u00e9xico, Alejandra Laura Mancera Hidalgo, quien dio seguimiento al proceso.<br><\/p>\n\n\n\n<p>Durante los recorridos para la entrega de locales, se destac\u00f3 que, con este reordenamiento, las y los comerciantes no est\u00e1n obligados a entregar cuotas a l\u00edderes o representantes de agrupaciones para atender su propio negocio.<br><\/p>\n\n\n\n<p>El Gobierno de la Ciudad de M\u00e9xico, reitera su compromiso de abrir canales de di\u00e1logo permanentes y de trabajo conjunto con todas y todos los sectores involucrados, para garantizar que los procesos de rehabilitaci\u00f3n, ordenamiento y mejora del espacio p\u00fablico se realicen con pleno respeto a los derechos humanos, al derecho al trabajo y al uso equitativo del espacio com\u00fan. Con estas acciones, se avanza hacia una ciudad m\u00e1s segura, ordenada y habitable para todas y todos.<\/p>\n","protected":false},"excerpt":{"rendered":"<p>Las y los locatarios entregaron de manera voluntaria los espacios. En el transcurso de octubre iniciar\u00e1 la rehabilitaci\u00f3n de los pasos a desnivel ubicados en Calzada de Tlalpan. De los 34 pasos existentes, la primera etapa de obras abarcar\u00e1 los 12 comprendidos entre la Plaza Tlaxcoaque y la estaci\u00f3n Chabacano del Metro. Con el objetivo [&hellip;]<\/p>\n","protected":false},"author":1,"featured_media":94218,"comment_status":"closed","ping_status":"closed","sticky":false,"template":"","format":"standard","meta":{"footnotes":""},"categories":[35,30],"tags":[],"class_list":["post-94217","post","type-post","status-publish","format-standard","has-post-thumbnail","hentry","category-cdmx","category-destacado"],"_links":{"self":[{"href":"https:\/\/elinformante.mx\/index.php?rest_route=\/wp\/v2\/posts\/94217","targetHints":{"allow":["GET"]}}],"collection":[{"href":"https:\/\/elinformante.mx\/index.php?rest_route=\/wp\/v2\/posts"}],"about":[{"href":"https:\/\/elinformante.mx\/index.php?rest_route=\/wp\/v2\/types\/post"}],"author":[{"embeddable":true,"href":"https:\/\/elinformante.mx\/index.php?rest_route=\/wp\/v2\/users\/1"}],"replies":[{"embeddable":true,"href":"https:\/\/elinformante.mx\/index.php?rest_route=%2Fwp%2Fv2%2Fcomments&post=94217"}],"version-history":[{"count":0,"href":"https:\/\/elinformante.mx\/index.php?rest_route=\/wp\/v2\/posts\/94217\/revisions"}],"wp:featuredmedia":[{"embeddable":true,"href":"https:\/\/elinformante.mx\/index.php?rest_route=\/wp\/v2\/media\/94218"}],"wp:attachment":[{"href":"https:\/\/elinformante.mx\/index.php?rest_route=%2Fwp%2Fv2%2Fmedia&parent=94217"}],"wp:term":[{"taxonomy":"category","embeddable":true,"href":"https:\/\/elinformante.mx\/index.php?rest_route=%2Fwp%2Fv2%2Fcategories&post=94217"},{"taxonomy":"post_tag","embeddable":true,"href":"https:\/\/elinformante.mx\/index.php?rest_route=%2Fwp%2Fv2%2Ftags&post=94217"}],"curies":[{"name":"wp","href":"https:\/\/api.w.org\/{rel}","templated":true}]}}