{"id":94225,"date":"2025-10-13T07:27:16","date_gmt":"2025-10-13T13:27:16","guid":{"rendered":"https:\/\/elinformante.mx\/?p=94225"},"modified":"2025-10-13T07:27:24","modified_gmt":"2025-10-13T13:27:24","slug":"supervisa-mara-lezama-avances-del-segundo-centro-dif-pilares-en-la-region-234-de-cancun","status":"publish","type":"post","link":"https:\/\/elinformante.mx\/?p=94225","title":{"rendered":"Supervisa Mara Lezama avances del segundo Centro DIF Pilares en la regi\u00f3n 234 de Canc\u00fan"},"content":{"rendered":"\n<figure class=\"wp-block-pullquote\"><blockquote><p>-Destacan inversi\u00f3n por m\u00e1s de 25.5 mdp para rehabilitar y equipar este espacio que atiende a m\u00e1s de 465 personas a la semana<\/p><\/blockquote><\/figure>\n\n\n\n<p class=\"has-drop-cap\">La gobernadora Mara Lezama Espinosa, acompa\u00f1ada de la presidenta honoraria del Sistema DIF Quintana Roo, Ver\u00f3nica Lezama Espinosa, supervis\u00f3 la rehabilitaci\u00f3n y equipamiento del segundo Centro de Desarrollo Comunitario DIF Pilares, ubicado en la Regi\u00f3n 234 de Canc\u00fan.<br><\/p>\n\n\n\n<p>A trav\u00e9s del Sistema DIF Quintana Roo y la Secretar\u00eda de Obras P\u00fablicas que dirige Jos\u00e9 Rafael Lara D\u00edaz se invierten m\u00e1s de 25.5 millones de pesos, recursos del pueblo que regresan al pueblo, para la rehabilitaci\u00f3n integral y equipamiento de espacios que pronto estar\u00e1n llenos de vida, aprendizaje y sue\u00f1os por cumplir.<br><\/p>\n\n\n\n<p>Actualmente, el Centro DIF Pilares 234 atiende semanalmente a m\u00e1s de 465 personas y entrega m\u00e1s de mil apoyos alimentarios al mes. Con esta rehabilitaci\u00f3n, aumentar\u00e1 su capacidad para brindar servicios de calidad a m\u00e1s familias.<br><\/p>\n\n\n\n<p>\u201cEste Centro representa la esencia de nuestro gobierno humanista con coraz\u00f3n feminista, donde el desarrollo se mide en bienestar, en oportunidades y en esperanza. Cuando se combate la corrupci\u00f3n, el dinero alcanza para m\u00e1s y se transforma la vida de las comunidades\u201d, afirm\u00f3 la gobernadora Mara Lezama Espinosa.<br><\/p>\n\n\n\n<p>Por su parte, la presidenta honoraria del DIF Quintana Roo, Ver\u00f3nica Lezama Espinosa, destac\u00f3 que este espacio ser\u00e1 un punto de encuentro y apoyo para ni\u00f1as, ni\u00f1os y adolescentes:<br><\/p>\n\n\n\n<p>\u201cNos llena de emoci\u00f3n saber que muy pronto tendremos nuestro segundo DIF- Pilares con ludoteca, talleres, clases de c\u00f3mputo e ingl\u00e9s, adem\u00e1s de servicios de enfermer\u00eda, psicolog\u00eda, atenci\u00f3n jur\u00eddica y asistencia social, por que tenemos muy claro que nuestra prioridad es cuidar a las familias y transformar vidas.\u201d<br><\/p>\n\n\n\n<p>El nuevo Centro DIF Pilares 234 tambi\u00e9n contar\u00e1 con \u00e1reas deportivas y culturales, comedor comunitario, domo rehabilitado, juegos, andadores y bardas perimetrales para garantizar un entorno seguro.<\/p>\n","protected":false},"excerpt":{"rendered":"<p>-Destacan inversi\u00f3n por m\u00e1s de 25.5 mdp para rehabilitar y equipar este espacio que atiende a m\u00e1s de 465 personas a la semana La gobernadora Mara Lezama Espinosa, acompa\u00f1ada de la presidenta honoraria del Sistema DIF Quintana Roo, Ver\u00f3nica Lezama Espinosa, supervis\u00f3 la rehabilitaci\u00f3n y equipamiento del segundo Centro de Desarrollo Comunitario DIF Pilares, ubicado [&hellip;]<\/p>\n","protected":false},"author":1,"featured_media":94226,"comment_status":"closed","ping_status":"closed","sticky":false,"template":"","format":"standard","meta":{"footnotes":""},"categories":[30,34],"tags":[],"class_list":["post-94225","post","type-post","status-publish","format-standard","has-post-thumbnail","hentry","category-destacado","category-nacional"],"_links":{"self":[{"href":"https:\/\/elinformante.mx\/index.php?rest_route=\/wp\/v2\/posts\/94225","targetHints":{"allow":["GET"]}}],"collection":[{"href":"https:\/\/elinformante.mx\/index.php?rest_route=\/wp\/v2\/posts"}],"about":[{"href":"https:\/\/elinformante.mx\/index.php?rest_route=\/wp\/v2\/types\/post"}],"author":[{"embeddable":true,"href":"https:\/\/elinformante.mx\/index.php?rest_route=\/wp\/v2\/users\/1"}],"replies":[{"embeddable":true,"href":"https:\/\/elinformante.mx\/index.php?rest_route=%2Fwp%2Fv2%2Fcomments&post=94225"}],"version-history":[{"count":0,"href":"https:\/\/elinformante.mx\/index.php?rest_route=\/wp\/v2\/posts\/94225\/revisions"}],"wp:featuredmedia":[{"embeddable":true,"href":"https:\/\/elinformante.mx\/index.php?rest_route=\/wp\/v2\/media\/94226"}],"wp:attachment":[{"href":"https:\/\/elinformante.mx\/index.php?rest_route=%2Fwp%2Fv2%2Fmedia&parent=94225"}],"wp:term":[{"taxonomy":"category","embeddable":true,"href":"https:\/\/elinformante.mx\/index.php?rest_route=%2Fwp%2Fv2%2Fcategories&post=94225"},{"taxonomy":"post_tag","embeddable":true,"href":"https:\/\/elinformante.mx\/index.php?rest_route=%2Fwp%2Fv2%2Ftags&post=94225"}],"curies":[{"name":"wp","href":"https:\/\/api.w.org\/{rel}","templated":true}]}}