{"id":94229,"date":"2025-10-13T07:39:05","date_gmt":"2025-10-13T13:39:05","guid":{"rendered":"https:\/\/elinformante.mx\/?p=94229"},"modified":"2025-10-13T07:39:15","modified_gmt":"2025-10-13T13:39:15","slug":"consultas-sobre-t-mec-avanzan-entre-sectores-y-estados-se","status":"publish","type":"post","link":"https:\/\/elinformante.mx\/?p=94229","title":{"rendered":"Consultas sobre T-MEC avanzan entre sectores y estados: SE"},"content":{"rendered":"\n<figure class=\"wp-block-pullquote\"><blockquote><p>El secretario Marcelo Ebrard explic\u00f3 que el proceso de consultas se convoc\u00f3 de manera paralela en los tres pa\u00edses signatarios del acuerdo comercial.<\/p><\/blockquote><\/figure>\n\n\n\n<p class=\"has-drop-cap\">Con el objetivo de construir un consenso sobre las prioridades que nuestro pa\u00eds debe atender durante la pr\u00f3xima revisi\u00f3n del Tratado M\u00e9xico-Estados Unidos y Canad\u00e1 (TMEC), la Secretar\u00eda de Econom\u00eda avanza en las consultas internas sobre el acuerdo comercial entre diversos sectores productivos clave y en las entidades de la Rep\u00fablica.<br><\/p>\n\n\n\n<p>Durante la semana entre el 6 y el 10 de octubre, la dependencia organiz\u00f3 mesas de trabajo con el objetivo de recabar informaci\u00f3n, comentarios y propuestas de los distintos sectores productivos y actores econ\u00f3micos relevantes en el comercio con Am\u00e9rica del Norte.<br><\/p>\n\n\n\n<p>El secretario Marcelo Ebrard explic\u00f3 que el proceso de consultas se convoc\u00f3 de manera paralela en los tres pa\u00edses signatarios del acuerdo comercial.<br><\/p>\n\n\n\n<p>\u201cEstamos haciendo una evaluaci\u00f3n de c\u00f3mo funcion\u00f3 el TMEC. Y la estamos haciendo con todos los sectores econ\u00f3micos relevantes y en todos los estados del pa\u00eds, escuchando a todos para tener una posici\u00f3n de consenso y legitimidad interna de cara al proceso de revisi\u00f3n del acuerdo\u201d, explic\u00f3 el secretario Ebrard.<br><\/p>\n\n\n\n<figure class=\"wp-block-image size-large\"><img fetchpriority=\"high\" decoding=\"async\" width=\"1024\" height=\"506\" src=\"https:\/\/elinformante.mx\/wp-content\/uploads\/2025\/10\/3consultas-1024x506.jpg\" alt=\"\" class=\"wp-image-94231\" srcset=\"https:\/\/elinformante.mx\/wp-content\/uploads\/2025\/10\/3consultas-1024x506.jpg 1024w, https:\/\/elinformante.mx\/wp-content\/uploads\/2025\/10\/3consultas-300x148.jpg 300w, https:\/\/elinformante.mx\/wp-content\/uploads\/2025\/10\/3consultas-768x379.jpg 768w, https:\/\/elinformante.mx\/wp-content\/uploads\/2025\/10\/3consultas.jpg 1140w\" sizes=\"(max-width: 1024px) 100vw, 1024px\" \/><\/figure>\n\n\n\n<p>Las mesas que tuvieron lugar la semana que concluye se cuentan las de Madera-Mueble y Papel; Bebidas y Alimentos Procesados; Miner\u00eda; Pl\u00e1sticos y Juguetes<br><\/p>\n\n\n\n<p>Durante este mismo periodo se llevaron a cabo cinco reuniones estatales en Guerrero, Tlaxcala, San Luis Potos\u00ed, Quer\u00e9taro y Nuevo Le\u00f3n, que fueron convocadas por los gobiernos de esas entidades con apoyo de la Secretar\u00eda de Econom\u00eda.<br><\/p>\n\n\n\n<p>Como preparaci\u00f3n a las reuniones, se distribuy\u00f3 un cuestionario a los distintos sectores estrat\u00e9gicos (empresarios, c\u00e1maras, asociaciones, academia, entre otros) para recabar informaci\u00f3n relevante y llevar a cabo un an\u00e1lisis estad\u00edstico de los mismos clasificando aportaciones seg\u00fan cap\u00edtulos del TMEC.<br><\/p>\n\n\n\n<p>La Secretar\u00eda de Econom\u00eda, a trav\u00e9s de las mesas de consulta a los sectores y en las entidades, contribuye a la promoci\u00f3n del dialogo con la industria nacional a fin de construir juntos una estrategia s\u00f3lida, informada y representativa de los intereses de M\u00e9xico.<\/p>\n","protected":false},"excerpt":{"rendered":"<p>El secretario Marcelo Ebrard explic\u00f3 que el proceso de consultas se convoc\u00f3 de manera paralela en los tres pa\u00edses signatarios del acuerdo comercial. Con el objetivo de construir un consenso sobre las prioridades que nuestro pa\u00eds debe atender durante la pr\u00f3xima revisi\u00f3n del Tratado M\u00e9xico-Estados Unidos y Canad\u00e1 (TMEC), la Secretar\u00eda de Econom\u00eda avanza en [&hellip;]<\/p>\n","protected":false},"author":1,"featured_media":94230,"comment_status":"closed","ping_status":"closed","sticky":false,"template":"","format":"standard","meta":{"footnotes":""},"categories":[30,34],"tags":[],"class_list":["post-94229","post","type-post","status-publish","format-standard","has-post-thumbnail","hentry","category-destacado","category-nacional"],"_links":{"self":[{"href":"https:\/\/elinformante.mx\/index.php?rest_route=\/wp\/v2\/posts\/94229","targetHints":{"allow":["GET"]}}],"collection":[{"href":"https:\/\/elinformante.mx\/index.php?rest_route=\/wp\/v2\/posts"}],"about":[{"href":"https:\/\/elinformante.mx\/index.php?rest_route=\/wp\/v2\/types\/post"}],"author":[{"embeddable":true,"href":"https:\/\/elinformante.mx\/index.php?rest_route=\/wp\/v2\/users\/1"}],"replies":[{"embeddable":true,"href":"https:\/\/elinformante.mx\/index.php?rest_route=%2Fwp%2Fv2%2Fcomments&post=94229"}],"version-history":[{"count":0,"href":"https:\/\/elinformante.mx\/index.php?rest_route=\/wp\/v2\/posts\/94229\/revisions"}],"wp:featuredmedia":[{"embeddable":true,"href":"https:\/\/elinformante.mx\/index.php?rest_route=\/wp\/v2\/media\/94230"}],"wp:attachment":[{"href":"https:\/\/elinformante.mx\/index.php?rest_route=%2Fwp%2Fv2%2Fmedia&parent=94229"}],"wp:term":[{"taxonomy":"category","embeddable":true,"href":"https:\/\/elinformante.mx\/index.php?rest_route=%2Fwp%2Fv2%2Fcategories&post=94229"},{"taxonomy":"post_tag","embeddable":true,"href":"https:\/\/elinformante.mx\/index.php?rest_route=%2Fwp%2Fv2%2Ftags&post=94229"}],"curies":[{"name":"wp","href":"https:\/\/api.w.org\/{rel}","templated":true}]}}