{"id":94234,"date":"2025-10-13T07:41:59","date_gmt":"2025-10-13T13:41:59","guid":{"rendered":"https:\/\/elinformante.mx\/?p=94234"},"modified":"2025-10-13T07:42:11","modified_gmt":"2025-10-13T13:42:11","slug":"senado-instalara-centro-de-acopio-para-apoyar-a-estados-afectados-por-lluvias","status":"publish","type":"post","link":"https:\/\/elinformante.mx\/?p=94234","title":{"rendered":"Senado instalar\u00e1 centro de acopio para apoyar a estados afectados por lluvias"},"content":{"rendered":"\n<figure class=\"wp-block-pullquote\"><blockquote><p>-Tambi\u00e9n plantear\u00e1 que las y los senadores donen parte de su salario para apoyar a las personas damnificadas<\/p><\/blockquote><\/figure>\n\n\n\n<p class=\"has-drop-cap\">En solidaridad con las personas afectadas por las intensas lluvias, la presidenta del Senado de la Rep\u00fablica, Laura Itzel Castillo Ju\u00e1rez, anunci\u00f3 que a partir de hoy lunes se instalar\u00e1 en la C\u00e1mara un centro de acopio para recibir v\u00edveres y posteriormente enviarlos a las quienes m\u00e1s los necesitan.<br><\/p>\n\n\n\n<p>En un video mensaje que comparti\u00f3 en redes sociales, Laura Itzel Castillo tambi\u00e9n adelant\u00f3 que propondr\u00e1 que senadoras y senadores donen una parte de su salario para apoyar a las familias afectadas.<br><\/p>\n\n\n\n<p>La senadora expres\u00f3 su apoyo a los estados de Veracruz, Quer\u00e9taro, Puebla, San Luis Potos\u00ed e Hidalgo, por la grave situaci\u00f3n que atraviesan a causa de las intensas lluvias y las afectaciones que han provocado.<br><\/p>\n\n\n\n<p>\u201cQueremos decirles que nos duele mucho lo que est\u00e1 sucediendo en los estados de la rep\u00fablica. Nos referimos a Veracruz, Quer\u00e9taro, Puebla, San Luis Potos\u00ed e Hidalgo, porque ha habido una situaci\u00f3n muy grave, porque hay muchas inundaciones y hay en la actualidad el reporte de 39 personas fallecidas\u201d, lament\u00f3.<br><\/p>\n\n\n\n<p>Desde el Senado de la Rep\u00fablica, agreg\u00f3, se plantear\u00e1 que las y los legisladores donen una parte de su salario, para apoyar las acciones que desarrolla la presidenta de la rep\u00fablica, Claudia Sheinbaum Pardo, que desde el primer momento implement\u00f3 el Plan DN-III-E, de la Secretar\u00eda de la Defensa Nacional.<br><\/p>\n\n\n\n<p>\u201cLamentamos much\u00edsimo esta situaci\u00f3n y reconocemos todo el apoyo que se est\u00e1 dando por parte del Gobierno Federal\u201d, expres\u00f3 la senadora en el video-mensaje que public\u00f3 en redes sociales.<\/p>\n","protected":false},"excerpt":{"rendered":"<p>-Tambi\u00e9n plantear\u00e1 que las y los senadores donen parte de su salario para apoyar a las personas damnificadas En solidaridad con las personas afectadas por las intensas lluvias, la presidenta del Senado de la Rep\u00fablica, Laura Itzel Castillo Ju\u00e1rez, anunci\u00f3 que a partir de hoy lunes se instalar\u00e1 en la C\u00e1mara un centro de acopio [&hellip;]<\/p>\n","protected":false},"author":1,"featured_media":94235,"comment_status":"closed","ping_status":"closed","sticky":false,"template":"","format":"standard","meta":{"footnotes":""},"categories":[30,34,31],"tags":[],"class_list":["post-94234","post","type-post","status-publish","format-standard","has-post-thumbnail","hentry","category-destacado","category-nacional","category-portada"],"_links":{"self":[{"href":"https:\/\/elinformante.mx\/index.php?rest_route=\/wp\/v2\/posts\/94234","targetHints":{"allow":["GET"]}}],"collection":[{"href":"https:\/\/elinformante.mx\/index.php?rest_route=\/wp\/v2\/posts"}],"about":[{"href":"https:\/\/elinformante.mx\/index.php?rest_route=\/wp\/v2\/types\/post"}],"author":[{"embeddable":true,"href":"https:\/\/elinformante.mx\/index.php?rest_route=\/wp\/v2\/users\/1"}],"replies":[{"embeddable":true,"href":"https:\/\/elinformante.mx\/index.php?rest_route=%2Fwp%2Fv2%2Fcomments&post=94234"}],"version-history":[{"count":0,"href":"https:\/\/elinformante.mx\/index.php?rest_route=\/wp\/v2\/posts\/94234\/revisions"}],"wp:featuredmedia":[{"embeddable":true,"href":"https:\/\/elinformante.mx\/index.php?rest_route=\/wp\/v2\/media\/94235"}],"wp:attachment":[{"href":"https:\/\/elinformante.mx\/index.php?rest_route=%2Fwp%2Fv2%2Fmedia&parent=94234"}],"wp:term":[{"taxonomy":"category","embeddable":true,"href":"https:\/\/elinformante.mx\/index.php?rest_route=%2Fwp%2Fv2%2Fcategories&post=94234"},{"taxonomy":"post_tag","embeddable":true,"href":"https:\/\/elinformante.mx\/index.php?rest_route=%2Fwp%2Fv2%2Ftags&post=94234"}],"curies":[{"name":"wp","href":"https:\/\/api.w.org\/{rel}","templated":true}]}}