{"id":94261,"date":"2025-10-14T06:19:55","date_gmt":"2025-10-14T12:19:55","guid":{"rendered":"https:\/\/elinformante.mx\/?p=94261"},"modified":"2025-10-14T06:19:59","modified_gmt":"2025-10-14T12:19:59","slug":"en-naucalpan-construimos-nueva-cultura-de-la-legalidad-y-etica-publica-isaac-montoya","status":"publish","type":"post","link":"https:\/\/elinformante.mx\/?p=94261","title":{"rendered":"En Naucalpan construimos nueva cultura de la legalidad y \u00e9tica p\u00fablica: Isaac Montoya"},"content":{"rendered":"\n<figure class=\"wp-block-pullquote\"><blockquote><p>El gobierno de Naucalpan firm\u00f3 un convenio con el Tribunal de Justicia Administrativa.<\/p><\/blockquote><\/figure>\n\n\n\n<p class=\"has-drop-cap\">Firmaron el presidente municipal de Naucalpan, Isaac Montoya M\u00e1rquez, y el magistrado presidente Gerardo Becker Ania, convenio con el Tribunal de Justicia Administrativa.<br><\/p>\n\n\n\n<p>Se\u00f1al\u00f3 Montoya M\u00e1rquez que el convenio busca que la capacitaci\u00f3n de servidores p\u00fablicos, el intercambio de informaci\u00f3n, la asesor\u00eda t\u00e9cnica y el desarrollo de estrategias preventivas sean para una administraci\u00f3n m\u00e1s eficiente, m\u00e1s transparente y honesta.<br><\/p>\n\n\n\n<p>Durante la firma del Convenio el alcalde destac\u00f3 que esta participaci\u00f3n representa mucho m\u00e1s que la uni\u00f3n entre instituciones: simboliza el encuentro entre el derecho y la justicia social, entre la norma y la vocaci\u00f3n de servicio.<br><\/p>\n\n\n\n<p>Ante servidores p\u00fablicos municipales, la fiscal regional de Naucalpan, Jannet S\u00e1nchez Monroy; la jueza de Distrito del Juzgado Octavo en el Estado de M\u00e9xico con residencia en Naucalpan de Ju\u00e1rez, Claudia Gabriela Villeda Mej\u00eda y la presidenta de la Sala Auxiliar de Tlalnepantla del Tribunal Estatal de Conciliaci\u00f3n y Arbitraje del Estado de M\u00e9xico, Janet Minutti Rodr\u00edguez, Montoya M\u00e1rquez se\u00f1al\u00f3 que se busca no solo homologar criterios jur\u00eddicos, adem\u00e1s de construir una nueva cultura de la legalidad, \u00e9tica p\u00fablica y rendici\u00f3n de cuentas.<br><\/p>\n\n\n\n<figure class=\"wp-block-image size-large\"><img fetchpriority=\"high\" decoding=\"async\" width=\"1024\" height=\"506\" src=\"https:\/\/elinformante.mx\/wp-content\/uploads\/2025\/10\/13naucalpan-2-1-1024x506.jpg\" alt=\"\" class=\"wp-image-94263\" srcset=\"https:\/\/elinformante.mx\/wp-content\/uploads\/2025\/10\/13naucalpan-2-1-1024x506.jpg 1024w, https:\/\/elinformante.mx\/wp-content\/uploads\/2025\/10\/13naucalpan-2-1-300x148.jpg 300w, https:\/\/elinformante.mx\/wp-content\/uploads\/2025\/10\/13naucalpan-2-1-768x379.jpg 768w, https:\/\/elinformante.mx\/wp-content\/uploads\/2025\/10\/13naucalpan-2-1.jpg 1140w\" sizes=\"(max-width: 1024px) 100vw, 1024px\" \/><\/figure>\n\n\n\n<p>Este convenio fortalecer\u00e1 el trabajo conjunto entre el Tribunal de Justicia Administrativa y el Gobierno Municipal a trav\u00e9s de actividades que promuevan la capacitaci\u00f3n, la actualizaci\u00f3n con programas, cursos, foros y espacios de di\u00e1logo sobre justicia, derechos humanos, derecho administrativo y temas afines.<br><\/p>\n\n\n\n<p>Durante su intervenci\u00f3n el Magistrado Presidente del Tribunal de Justicia Administrativa del Estado de M\u00e9xico apunt\u00f3 que Naucalpan es uno de los primeros municipios con el que se tiene colaboraci\u00f3n acad\u00e9mica, y que ello muestra el inter\u00e9s por transmitir conocimientos y colaborar de manera institucional.<br><\/p>\n\n\n\n<p>Subray\u00f3 que el Tribunal de Justicia Administrativa cuenta con reconocimiento del Gobierno de M\u00e9xico, la Secretar\u00eda de Educaci\u00f3n con el est\u00e1ndar de competencia del CONOCER (Consejo Nacional de Normalizaci\u00f3n y Certificaci\u00f3n de Competencias\u2028Laborales).<br><\/p>\n\n\n\n<p>Y finaliz\u00f3: \u201choy en d\u00eda, la capacitaci\u00f3n ya no es opcional, es una obligaci\u00f3n que requiere de un servicio p\u00fablico cercano a la ciudadan\u00eda, y tambi\u00e9n obliga a dar resultados con servidoras y servidores p\u00fablicos que muestren altos niveles de desempe\u00f1o profesional\u201d.<\/p>\n","protected":false},"excerpt":{"rendered":"<p>El gobierno de Naucalpan firm\u00f3 un convenio con el Tribunal de Justicia Administrativa. Firmaron el presidente municipal de Naucalpan, Isaac Montoya M\u00e1rquez, y el magistrado presidente Gerardo Becker Ania, convenio con el Tribunal de Justicia Administrativa. Se\u00f1al\u00f3 Montoya M\u00e1rquez que el convenio busca que la capacitaci\u00f3n de servidores p\u00fablicos, el intercambio de informaci\u00f3n, la asesor\u00eda [&hellip;]<\/p>\n","protected":false},"author":1,"featured_media":94262,"comment_status":"closed","ping_status":"closed","sticky":false,"template":"","format":"standard","meta":{"footnotes":""},"categories":[1],"tags":[],"class_list":["post-94261","post","type-post","status-publish","format-standard","has-post-thumbnail","hentry","category-sin-categoria"],"_links":{"self":[{"href":"https:\/\/elinformante.mx\/index.php?rest_route=\/wp\/v2\/posts\/94261","targetHints":{"allow":["GET"]}}],"collection":[{"href":"https:\/\/elinformante.mx\/index.php?rest_route=\/wp\/v2\/posts"}],"about":[{"href":"https:\/\/elinformante.mx\/index.php?rest_route=\/wp\/v2\/types\/post"}],"author":[{"embeddable":true,"href":"https:\/\/elinformante.mx\/index.php?rest_route=\/wp\/v2\/users\/1"}],"replies":[{"embeddable":true,"href":"https:\/\/elinformante.mx\/index.php?rest_route=%2Fwp%2Fv2%2Fcomments&post=94261"}],"version-history":[{"count":0,"href":"https:\/\/elinformante.mx\/index.php?rest_route=\/wp\/v2\/posts\/94261\/revisions"}],"wp:featuredmedia":[{"embeddable":true,"href":"https:\/\/elinformante.mx\/index.php?rest_route=\/wp\/v2\/media\/94262"}],"wp:attachment":[{"href":"https:\/\/elinformante.mx\/index.php?rest_route=%2Fwp%2Fv2%2Fmedia&parent=94261"}],"wp:term":[{"taxonomy":"category","embeddable":true,"href":"https:\/\/elinformante.mx\/index.php?rest_route=%2Fwp%2Fv2%2Fcategories&post=94261"},{"taxonomy":"post_tag","embeddable":true,"href":"https:\/\/elinformante.mx\/index.php?rest_route=%2Fwp%2Fv2%2Ftags&post=94261"}],"curies":[{"name":"wp","href":"https:\/\/api.w.org\/{rel}","templated":true}]}}