{"id":94266,"date":"2025-10-14T06:27:10","date_gmt":"2025-10-14T12:27:10","guid":{"rendered":"https:\/\/elinformante.mx\/?p=94266"},"modified":"2025-10-14T06:27:15","modified_gmt":"2025-10-14T12:27:15","slug":"celebra-san-mateo-atenco-154-anos-de-historia-con-reconocimientos-y-obras-publicas","status":"publish","type":"post","link":"https:\/\/elinformante.mx\/?p=94266","title":{"rendered":"Celebra San Mateo Atenco 154 a\u00f1os de historia con reconocimientos y obras p\u00fablicas"},"content":{"rendered":"\n<figure class=\"wp-block-pullquote\"><blockquote><p>La presidenta municipal Ana Mu\u00f1iz Neyra destac\u00f3 que el amor por la tierra atenquense sigue siendo el motor de su desarrollo.<\/p><\/blockquote><\/figure>\n\n\n\n<p class=\"has-drop-cap\">En una ceremonia solemne y con la entrega de reconocimientos, el municipio de San Mateo Atenco celebr\u00f3 su 154 aniversario de fundaci\u00f3n.<br><\/p>\n\n\n\n<p>La presidenta municipal Ana Aurora Mu\u00f1iz Neyra fue la encargada de encabezar el acto conmemorativo, y estuvo acompa\u00f1ada por autoridades estatales, municipales y legislativas, en un evento que destac\u00f3 el orgullo y la identidad atenquense.<br><\/p>\n\n\n\n<p>Durante la ceremonia, Mu\u00f1iz Neyra hizo entrega de Reconocimiento al M\u00e9rito Atenquense a 27 personas, instituciones y asociaciones, las cuales han contribuido significativamente al desarrollo del municipio.<br><\/p>\n\n\n\n<p>Entre los galardonados se destac\u00f3 al Organismo de Agua Potable, Alcantarillado y Saneamiento (OPDAPAS) y a la Direcci\u00f3n de Seguridad Humana, por su papel clave en la prevenci\u00f3n de afectaciones durante la temporada de lluvias.<br><\/p>\n\n\n\n<p>Mu\u00f1iz Neyra agradeci\u00f3 a los homenajeados, as\u00ed como a los expresidentes municipales, por su compromiso y por construir con nosotros un municipio m\u00e1s justo, solidario y digno.<br><\/p>\n\n\n\n<figure class=\"wp-block-image size-large\"><img fetchpriority=\"high\" decoding=\"async\" width=\"1024\" height=\"506\" src=\"https:\/\/elinformante.mx\/wp-content\/uploads\/2025\/10\/12mateo-2-2-1024x506.jpg\" alt=\"\" class=\"wp-image-94268\" srcset=\"https:\/\/elinformante.mx\/wp-content\/uploads\/2025\/10\/12mateo-2-2-1024x506.jpg 1024w, https:\/\/elinformante.mx\/wp-content\/uploads\/2025\/10\/12mateo-2-2-300x148.jpg 300w, https:\/\/elinformante.mx\/wp-content\/uploads\/2025\/10\/12mateo-2-2-768x379.jpg 768w, https:\/\/elinformante.mx\/wp-content\/uploads\/2025\/10\/12mateo-2-2.jpg 1140w\" sizes=\"(max-width: 1024px) 100vw, 1024px\" \/><\/figure>\n\n\n\n<p>Al finalizar la ceremonia, y como parte de los festejos, la presidenta Ana Mu\u00f1iz inaugur\u00f3 la remodelaci\u00f3n del Palacio Municipal, que ahora cuenta con nuevas oficinas de la Tesorer\u00eda, Catastro y la Oficial\u00eda 01 del Registro Civil.<br><\/p>\n\n\n\n<p>Se\u00f1al\u00f3 que estas instalaciones modernizadas buscan ofrecer un mejor servicio a la ciudadan\u00eda, con espacios accesibles y funcionales.<br><\/p>\n\n\n\n<p>Adem\u00e1s fue inaugurada la Sala de Matrimonios \u201cMagistrado Rom\u00e1n Rosales Reyes\u201d, en homenaje a un destacado atenquense. Tambi\u00e9n se impuso el nombre del magistrado Tob\u00edas Serrano Guti\u00e9rrez al Juzgado C\u00edvico Municipal.<br><\/p>\n\n\n\n<p>Algunas de las autoridades que asistieron a la ceremonia fue la senadora Cristina Ruiz Sandoval quien felicit\u00f3 al municipio por su aniversario y reconoci\u00f3 el liderazgo de Ana Mu\u00f1iz Neyra. Afirm\u00f3 que \u201cser patriota no solo es defender la tierra, sino trabajar por ella\u201d.<br><\/p>\n\n\n\n<p>Carlos Gonz\u00e1lez L\u00f3pez, en representaci\u00f3n de la gobernadora Delfina G\u00f3mez \u00c1lvarez, destac\u00f3 la coordinaci\u00f3n entre el Gobierno estatal y el municipal, que ha permitido implementar acciones para mejorar la seguridad, la infraestructura y la calidad de vida.<br><\/p>\n\n\n\n<p>La ceremonia concluy\u00f3 con un llamado a la unidad y al orgullo local. La presidenta municipal destac\u00f3 que el amor por la tierra atenquense sigue siendo el motor de su desarrollo. Con obras, reconocimientos y una visi\u00f3n compartida, San Mateo Atenco reafirma su identidad y su compromiso con el progreso.<\/p>\n","protected":false},"excerpt":{"rendered":"<p>La presidenta municipal Ana Mu\u00f1iz Neyra destac\u00f3 que el amor por la tierra atenquense sigue siendo el motor de su desarrollo. En una ceremonia solemne y con la entrega de reconocimientos, el municipio de San Mateo Atenco celebr\u00f3 su 154 aniversario de fundaci\u00f3n. La presidenta municipal Ana Aurora Mu\u00f1iz Neyra fue la encargada de encabezar [&hellip;]<\/p>\n","protected":false},"author":1,"featured_media":94267,"comment_status":"closed","ping_status":"closed","sticky":false,"template":"","format":"standard","meta":{"footnotes":""},"categories":[30,36],"tags":[],"class_list":["post-94266","post","type-post","status-publish","format-standard","has-post-thumbnail","hentry","category-destacado","category-edomex"],"_links":{"self":[{"href":"https:\/\/elinformante.mx\/index.php?rest_route=\/wp\/v2\/posts\/94266","targetHints":{"allow":["GET"]}}],"collection":[{"href":"https:\/\/elinformante.mx\/index.php?rest_route=\/wp\/v2\/posts"}],"about":[{"href":"https:\/\/elinformante.mx\/index.php?rest_route=\/wp\/v2\/types\/post"}],"author":[{"embeddable":true,"href":"https:\/\/elinformante.mx\/index.php?rest_route=\/wp\/v2\/users\/1"}],"replies":[{"embeddable":true,"href":"https:\/\/elinformante.mx\/index.php?rest_route=%2Fwp%2Fv2%2Fcomments&post=94266"}],"version-history":[{"count":0,"href":"https:\/\/elinformante.mx\/index.php?rest_route=\/wp\/v2\/posts\/94266\/revisions"}],"wp:featuredmedia":[{"embeddable":true,"href":"https:\/\/elinformante.mx\/index.php?rest_route=\/wp\/v2\/media\/94267"}],"wp:attachment":[{"href":"https:\/\/elinformante.mx\/index.php?rest_route=%2Fwp%2Fv2%2Fmedia&parent=94266"}],"wp:term":[{"taxonomy":"category","embeddable":true,"href":"https:\/\/elinformante.mx\/index.php?rest_route=%2Fwp%2Fv2%2Fcategories&post=94266"},{"taxonomy":"post_tag","embeddable":true,"href":"https:\/\/elinformante.mx\/index.php?rest_route=%2Fwp%2Fv2%2Ftags&post=94266"}],"curies":[{"name":"wp","href":"https:\/\/api.w.org\/{rel}","templated":true}]}}