{"id":94269,"date":"2025-10-14T06:30:11","date_gmt":"2025-10-14T12:30:11","guid":{"rendered":"https:\/\/elinformante.mx\/?p=94269"},"modified":"2025-10-14T06:30:17","modified_gmt":"2025-10-14T12:30:17","slug":"supervisa-fernando-flores-rehabilitacion-de-parque-en-san-salvador-tizatlalli","status":"publish","type":"post","link":"https:\/\/elinformante.mx\/?p=94269","title":{"rendered":"Supervisa Fernando Flores rehabilitaci\u00f3n de parque en San Salvador Tizatlalli"},"content":{"rendered":"\n<figure class=\"wp-block-pullquote\"><blockquote><p>Se\u00f1al\u00f3 que se tiene contemplado que en 40 a 45 d\u00edas se finalice la obra en su totalidad.<\/p><\/blockquote><\/figure>\n\n\n\n<p class=\"has-drop-cap\">El presidente municipal de Metepec, Fernando Flores Fern\u00e1ndez realiz\u00f3 la supervisi\u00f3n de las labores de rehabilitaci\u00f3n del parque de San Salvador Tizatlalli, donde se\u00f1al\u00f3 que los trabajos se encuentran en un 75% de avance.<br><\/p>\n\n\n\n<p>Durante la supervisi\u00f3n se\u00f1al\u00f3 que se tiene contemplado que en 40 a 45 d\u00edas se finalice la obra en su totalidad, para que se pueda inaugurar para el disfrute de la poblaci\u00f3n.<br><\/p>\n\n\n\n<figure class=\"wp-block-image size-large\"><img fetchpriority=\"high\" decoding=\"async\" width=\"1024\" height=\"506\" src=\"https:\/\/elinformante.mx\/wp-content\/uploads\/2025\/10\/11metepec-8-1024x506.jpg\" alt=\"\" class=\"wp-image-94271\" srcset=\"https:\/\/elinformante.mx\/wp-content\/uploads\/2025\/10\/11metepec-8-1024x506.jpg 1024w, https:\/\/elinformante.mx\/wp-content\/uploads\/2025\/10\/11metepec-8-300x148.jpg 300w, https:\/\/elinformante.mx\/wp-content\/uploads\/2025\/10\/11metepec-8-768x379.jpg 768w, https:\/\/elinformante.mx\/wp-content\/uploads\/2025\/10\/11metepec-8.jpg 1140w\" sizes=\"(max-width: 1024px) 100vw, 1024px\" \/><\/figure>\n\n\n\n<p>Flores Fern\u00e1ndez inform\u00f3 que en la renovaci\u00f3n del parque se tiene contemplada la construcci\u00f3n de canchas de b\u00e1squetbol, las cuales tendr\u00e1n arcotecho, adem\u00e1s de construir un nuevo estacionamiento que tendr\u00e1 una capacidad para 80 veh\u00edculos y 40 motocicletas, se lleva a cabo la construcci\u00f3n de un muro de mamposter\u00eda que dejar\u00e1 este parque totalmente cerrado para que la gente se sienta m\u00e1s segura al ingresar al parque, tambi\u00e9n se construir\u00e1 una zona para mascotas y un \u00e1rea de asadores.<br><\/p>\n\n\n\n<p>Flores Fern\u00e1ndez en compa\u00f1\u00eda del director de obras p\u00fablicas de Metepec, Ingeniero Ricardo Giles indicaron que las canchas de futbol contar\u00e1n con pasto natural, adem\u00e1s una tendr\u00e1 pasto sint\u00e9tico para practicar el futbol r\u00e1pido, tambi\u00e9n se rehabilitaron las canchas de front\u00f3n, se colocar\u00e1n l\u00e1mparas para alumbrar a quienes deseen realizar actividades deportivas por la noche.<br><\/p>\n\n\n\n<p>Fernando Flores resalt\u00f3 que todos estos trabajos de obra p\u00fablica se realizan en favor de la ciudadan\u00eda, buscando mejorar la calidad de vida de los ciudadanos, resaltando que se realizan las labores de bacheo para evitar accidentes o desperfectos en autos derivados de los hoyos que se formaron debido a las lluvias.<\/p>\n","protected":false},"excerpt":{"rendered":"<p>Se\u00f1al\u00f3 que se tiene contemplado que en 40 a 45 d\u00edas se finalice la obra en su totalidad. El presidente municipal de Metepec, Fernando Flores Fern\u00e1ndez realiz\u00f3 la supervisi\u00f3n de las labores de rehabilitaci\u00f3n del parque de San Salvador Tizatlalli, donde se\u00f1al\u00f3 que los trabajos se encuentran en un 75% de avance. Durante la supervisi\u00f3n [&hellip;]<\/p>\n","protected":false},"author":1,"featured_media":94270,"comment_status":"closed","ping_status":"closed","sticky":false,"template":"","format":"standard","meta":{"footnotes":""},"categories":[36],"tags":[],"class_list":["post-94269","post","type-post","status-publish","format-standard","has-post-thumbnail","hentry","category-edomex"],"_links":{"self":[{"href":"https:\/\/elinformante.mx\/index.php?rest_route=\/wp\/v2\/posts\/94269","targetHints":{"allow":["GET"]}}],"collection":[{"href":"https:\/\/elinformante.mx\/index.php?rest_route=\/wp\/v2\/posts"}],"about":[{"href":"https:\/\/elinformante.mx\/index.php?rest_route=\/wp\/v2\/types\/post"}],"author":[{"embeddable":true,"href":"https:\/\/elinformante.mx\/index.php?rest_route=\/wp\/v2\/users\/1"}],"replies":[{"embeddable":true,"href":"https:\/\/elinformante.mx\/index.php?rest_route=%2Fwp%2Fv2%2Fcomments&post=94269"}],"version-history":[{"count":0,"href":"https:\/\/elinformante.mx\/index.php?rest_route=\/wp\/v2\/posts\/94269\/revisions"}],"wp:featuredmedia":[{"embeddable":true,"href":"https:\/\/elinformante.mx\/index.php?rest_route=\/wp\/v2\/media\/94270"}],"wp:attachment":[{"href":"https:\/\/elinformante.mx\/index.php?rest_route=%2Fwp%2Fv2%2Fmedia&parent=94269"}],"wp:term":[{"taxonomy":"category","embeddable":true,"href":"https:\/\/elinformante.mx\/index.php?rest_route=%2Fwp%2Fv2%2Fcategories&post=94269"},{"taxonomy":"post_tag","embeddable":true,"href":"https:\/\/elinformante.mx\/index.php?rest_route=%2Fwp%2Fv2%2Ftags&post=94269"}],"curies":[{"name":"wp","href":"https:\/\/api.w.org\/{rel}","templated":true}]}}