{"id":94277,"date":"2025-10-14T06:40:58","date_gmt":"2025-10-14T12:40:58","guid":{"rendered":"https:\/\/elinformante.mx\/?p=94277"},"modified":"2025-10-14T06:41:04","modified_gmt":"2025-10-14T12:41:04","slug":"la-ciencia-genera-conocimiento-y-reduce-desigualdades-sociales-rectora-zarza-delgado","status":"publish","type":"post","link":"https:\/\/elinformante.mx\/?p=94277","title":{"rendered":"La ciencia genera conocimiento y reduce desigualdades sociales: rectora Zarza Delgado"},"content":{"rendered":"\n<figure class=\"wp-block-pullquote\"><blockquote><p>Descubre el Congreso Nacional de F\u00edsica 2025 en UAEM\u00e9x y su enfoque en la inclusi\u00f3n de mujeres en ciencia y tecnolog\u00eda.<\/p><\/blockquote><\/figure>\n\n\n\n<p class=\"has-drop-cap\">El Estado de M\u00e9xico se convirti\u00f3 en el epicentro de la investigaci\u00f3n cient\u00edfica nacional al inaugurar el LXVIII Congreso Nacional de F\u00edsica y el Encuentro Nacional de Divulgaci\u00f3n Cient\u00edfica 2025. La ceremonia de apertura estuvo encabezada por el secretario de Educaci\u00f3n, Ciencia, Tecnolog\u00eda e Innovaci\u00f3n estatal, Miguel \u00c1ngel Hern\u00e1ndez Espejel, y la rectora de la Universidad Aut\u00f3noma del Estado de M\u00e9xico (UAEM\u00e9x), Martha Patricia Zarza Delgado.<br><\/p>\n\n\n\n<p>Durante el evento, celebrado en el Centro de Convenciones Estado de M\u00e9xico, la rectora de la UAEM\u00e9x destac\u00f3 que la ciencia, adem\u00e1s de generar conocimiento, reduce desigualdades sociales. Enfatiz\u00f3 la necesidad de fortalecer la participaci\u00f3n de mujeres en las disciplinas STEM (Ciencia, Tecnolog\u00eda, Ingenier\u00eda y Matem\u00e1ticas), como parte de una estrategia institucional para construir una universidad m\u00e1s inclusiva y con mayor retribuci\u00f3n social.<br><\/p>\n\n\n\n<p>Zarza Delgado subray\u00f3 que estas acciones responden al compromiso de la UAEM\u00e9x con la transformaci\u00f3n educativa, al fomentar la colaboraci\u00f3n, la equidad y el acceso al conocimiento como pilares del desarrollo social.<br><\/p>\n\n\n\n<p>Miguel \u00c1ngel Hern\u00e1ndez Espejel recalc\u00f3 que el gobierno estatal, liderado por la maestra Delfina G\u00f3mez \u00c1lvarez, considera el conocimiento como un derecho fundamental. Explic\u00f3 que la ciencia y la educaci\u00f3n son herramientas clave para alcanzar justicia y bienestar.<br><\/p>\n\n\n\n<figure class=\"wp-block-image size-large\"><img fetchpriority=\"high\" decoding=\"async\" width=\"1024\" height=\"506\" src=\"https:\/\/elinformante.mx\/wp-content\/uploads\/2025\/10\/10uaemex-8-1024x506.jpg\" alt=\"\" class=\"wp-image-94279\" srcset=\"https:\/\/elinformante.mx\/wp-content\/uploads\/2025\/10\/10uaemex-8-1024x506.jpg 1024w, https:\/\/elinformante.mx\/wp-content\/uploads\/2025\/10\/10uaemex-8-300x148.jpg 300w, https:\/\/elinformante.mx\/wp-content\/uploads\/2025\/10\/10uaemex-8-768x379.jpg 768w, https:\/\/elinformante.mx\/wp-content\/uploads\/2025\/10\/10uaemex-8.jpg 1140w\" sizes=\"(max-width: 1024px) 100vw, 1024px\" \/><\/figure>\n\n\n\n<p>Este congreso se realizar\u00e1 del 12 al 17 de octubre, y reunir\u00e1 a destacadas y destacados investigadores nacionales e internacionales. Entre las actividades m\u00e1s esperadas se encuentra la conferencia magistral del Premio Nobel de F\u00edsica 2016, Duncan Haldane.<br><\/p>\n\n\n\n<p>Oracio Navarro Ch\u00e1vez, presidente de la Sociedad Mexicana de F\u00edsica, destac\u00f3 la relevancia de celebrar la LXVIII edici\u00f3n del congreso en el marco del A\u00f1o Internacional de la Ciencia y Tecnolog\u00eda Cu\u00e1nticas. Subray\u00f3 que estos encuentros permiten generar y compartir conocimiento, y dese\u00f3 \u00e9xito a las y los participantes.<br><\/p>\n\n\n\n<p>Se cont\u00f3 en el evento con la presencia de autoridades universitarias y estatales, como el vicepresidente de la Sociedad Mexicana de F\u00edsica, Juan Carlos Mart\u00ednez Orozco; el director de la Facultad de Ciencias de la UAEM\u00e9x, Luis Enrique D\u00edaz S\u00e1nchez; y representantes del gobierno mexiquense.<br><\/p>\n\n\n\n<p>El Estado de M\u00e9xico y la UAEM\u00e9x reafirman su compromiso con la ciencia como motor de cambio social, equidad e inclusi\u00f3n, al tiempo que consolidan su papel como referentes nacionales en la promoci\u00f3n del conocimiento.<\/p>\n","protected":false},"excerpt":{"rendered":"<p>Descubre el Congreso Nacional de F\u00edsica 2025 en UAEM\u00e9x y su enfoque en la inclusi\u00f3n de mujeres en ciencia y tecnolog\u00eda. El Estado de M\u00e9xico se convirti\u00f3 en el epicentro de la investigaci\u00f3n cient\u00edfica nacional al inaugurar el LXVIII Congreso Nacional de F\u00edsica y el Encuentro Nacional de Divulgaci\u00f3n Cient\u00edfica 2025. La ceremonia de apertura [&hellip;]<\/p>\n","protected":false},"author":1,"featured_media":94278,"comment_status":"closed","ping_status":"closed","sticky":false,"template":"","format":"standard","meta":{"footnotes":""},"categories":[30,36],"tags":[],"class_list":["post-94277","post","type-post","status-publish","format-standard","has-post-thumbnail","hentry","category-destacado","category-edomex"],"_links":{"self":[{"href":"https:\/\/elinformante.mx\/index.php?rest_route=\/wp\/v2\/posts\/94277","targetHints":{"allow":["GET"]}}],"collection":[{"href":"https:\/\/elinformante.mx\/index.php?rest_route=\/wp\/v2\/posts"}],"about":[{"href":"https:\/\/elinformante.mx\/index.php?rest_route=\/wp\/v2\/types\/post"}],"author":[{"embeddable":true,"href":"https:\/\/elinformante.mx\/index.php?rest_route=\/wp\/v2\/users\/1"}],"replies":[{"embeddable":true,"href":"https:\/\/elinformante.mx\/index.php?rest_route=%2Fwp%2Fv2%2Fcomments&post=94277"}],"version-history":[{"count":0,"href":"https:\/\/elinformante.mx\/index.php?rest_route=\/wp\/v2\/posts\/94277\/revisions"}],"wp:featuredmedia":[{"embeddable":true,"href":"https:\/\/elinformante.mx\/index.php?rest_route=\/wp\/v2\/media\/94278"}],"wp:attachment":[{"href":"https:\/\/elinformante.mx\/index.php?rest_route=%2Fwp%2Fv2%2Fmedia&parent=94277"}],"wp:term":[{"taxonomy":"category","embeddable":true,"href":"https:\/\/elinformante.mx\/index.php?rest_route=%2Fwp%2Fv2%2Fcategories&post=94277"},{"taxonomy":"post_tag","embeddable":true,"href":"https:\/\/elinformante.mx\/index.php?rest_route=%2Fwp%2Fv2%2Ftags&post=94277"}],"curies":[{"name":"wp","href":"https:\/\/api.w.org\/{rel}","templated":true}]}}